{"id":31068,"date":"2025-05-24T12:35:41","date_gmt":"2025-05-24T09:35:41","guid":{"rendered":"https:\/\/www.egemtv.com\/?p=31068"},"modified":"2025-05-24T12:35:45","modified_gmt":"2025-05-24T09:35:45","slug":"hisarcik-myoda-bahar-donemi-muzik-gecesi","status":"publish","type":"post","link":"https:\/\/www.egemtv.com\/?p=31068","title":{"rendered":"Hisarc\u0131k MYO\u2019da Bahar D\u00f6nemi M\u00fczik Gecesi"},"content":{"rendered":"<p>K\u00fctahya Dumlup\u0131nar \u00dcniversitesi Hisarc\u0131k Meslek Y\u00fcksekokulu\u2019nda (MYO) geleneksel hale gelen Bahar D\u00f6nemi M\u00fczik Gecesi, yo\u011fun kat\u0131l\u0131mla ve b\u00fcy\u00fck bir co\u015fkuyla ger\u00e7ekle\u015ftirildi.<br \/>\n<br \/>MYO \u00f6\u011frencilerinden olu\u015fan m\u00fczik grubunun sahne ald\u0131\u011f\u0131 gecede, birbirinden g\u00fczel \u015fark\u0131larla unutulmaz anlar ya\u015fand\u0131. M\u00fczik grubu performans\u0131yla b\u00fcy\u00fck be\u011feni toplad\u0131.<br \/>\n<br \/>Akademik ve idari personelin yan\u0131 s\u0131ra \u00e7ok say\u0131da \u00f6\u011frencinin kat\u0131ld\u0131\u011f\u0131 etkinlikte, izleyiciler m\u00fczi\u011fe e\u015flik ederek keyifli bir ak\u015fam ge\u00e7irdi. Program \u00e7er\u00e7evesinde, Bahar D\u00f6nemi Gen\u00e7lik Haftas\u0131\u2019nda d\u00fczenlenen voleybol turnuvas\u0131nda dereceye giren tak\u0131mlara kupalar\u0131, MYO M\u00fcd\u00fcr\u00fc \u00d6\u011fr. G\u00f6r. Burak Kavaslar ve MYO M\u00fcd\u00fcr Yard\u0131mc\u0131s\u0131 \u00d6\u011fr. G\u00f6r. Fadim Ko\u00e7 taraf\u0131ndan takdim edildi. Turnuva s\u00fcresince g\u00f6rev alan hakem \u00f6\u011frenci ve personel ile m\u00fczik gecesinin haz\u0131rlanmas\u0131nda eme\u011fi ge\u00e7en \u00f6\u011frencilere te\u015fekk\u00fcr belgeleri verildi.<br \/><\/p>\n","protected":false},"excerpt":{"rendered":"<p>K\u00fctahya Dumlup\u0131nar \u00dcniversitesi Hisarc\u0131k Meslek Y\u00fcksekokulu\u2019nda (MYO) geleneksel hale gelen Bahar D\u00f6nemi M\u00fczik Gecesi, yo\u011fun kat\u0131l\u0131mla ve b\u00fcy\u00fck bir co\u015fkuyla ger\u00e7ekle\u015ftirildi. MYO \u00f6\u011frencilerinden olu\u015fan m\u00fczik grubunun sahne ald\u0131\u011f\u0131 gecede, birbirinden g\u00fczel \u015fark\u0131larla unutulmaz anlar ya\u015fand\u0131. M\u00fczik grubu performans\u0131yla b\u00fcy\u00fck be\u011feni toplad\u0131. Akademik ve idari personelin yan\u0131 s\u0131ra \u00e7ok say\u0131da \u00f6\u011frencinin kat\u0131ld\u0131\u011f\u0131 etkinlikte, izleyiciler m\u00fczi\u011fe e\u015flik&#8230;<\/p>\n","protected":false},"author":1,"featured_media":31069,"comment_status":"open","ping_status":"open","sticky":false,"template":"","format":"standard","meta":{"_crdt_document":"","footnotes":""},"categories":[1],"tags":[],"class_list":["post-31068","post","type-post","status-publish","format-standard","has-post-thumbnail","hentry","category-guncel"],"_links":{"self":[{"href":"https:\/\/www.egemtv.com\/index.php?rest_route=\/wp\/v2\/posts\/31068","targetHints":{"allow":["GET"]}}],"collection":[{"href":"https:\/\/www.egemtv.com\/index.php?rest_route=\/wp\/v2\/posts"}],"about":[{"href":"https:\/\/www.egemtv.com\/index.php?rest_route=\/wp\/v2\/types\/post"}],"author":[{"embeddable":true,"href":"https:\/\/www.egemtv.com\/index.php?rest_route=\/wp\/v2\/users\/1"}],"replies":[{"embeddable":true,"href":"https:\/\/www.egemtv.com\/index.php?rest_route=%2Fwp%2Fv2%2Fcomments&post=31068"}],"version-history":[{"count":1,"href":"https:\/\/www.egemtv.com\/index.php?rest_route=\/wp\/v2\/posts\/31068\/revisions"}],"predecessor-version":[{"id":31070,"href":"https:\/\/www.egemtv.com\/index.php?rest_route=\/wp\/v2\/posts\/31068\/revisions\/31070"}],"wp:featuredmedia":[{"embeddable":true,"href":"https:\/\/www.egemtv.com\/index.php?rest_route=\/wp\/v2\/media\/31069"}],"wp:attachment":[{"href":"https:\/\/www.egemtv.com\/index.php?rest_route=%2Fwp%2Fv2%2Fmedia&parent=31068"}],"wp:term":[{"taxonomy":"category","embeddable":true,"href":"https:\/\/www.egemtv.com\/index.php?rest_route=%2Fwp%2Fv2%2Fcategories&post=31068"},{"taxonomy":"post_tag","embeddable":true,"href":"https:\/\/www.egemtv.com\/index.php?rest_route=%2Fwp%2Fv2%2Ftags&post=31068"}],"curies":[{"name":"wp","href":"https:\/\/api.w.org\/{rel}","templated":true}]}}