{"id":30927,"date":"2025-05-23T16:15:45","date_gmt":"2025-05-23T13:15:45","guid":{"rendered":"https:\/\/www.egemtv.com\/?p=30927"},"modified":"2025-05-23T16:15:47","modified_gmt":"2025-05-23T13:15:47","slug":"manisada-sehit-isimleri-okulda-yasayacak","status":"publish","type":"post","link":"https:\/\/www.egemtv.com\/?p=30927","title":{"rendered":"Manisa\u2019da \u015fehit isimleri okulda ya\u015fayacak"},"content":{"rendered":"<p>Manisa\u2019n\u0131n Salihli il\u00e7esindeki Sartmahmut \u0130lkokulu\u2019ndaki ana s\u0131n\u0131f\u0131na \u015fehit polis Ahmet Alp Ta\u015fdemir,  k\u00fct\u00fcphanesine ise \u015fehit uzman \u00e7avu\u015f S\u00fcleyman Kul ismi verildi.<br \/>\n<br \/>Salihli\u2019nin Sartmahmut \u0130lkokulunda karde\u015f k\u00f6y okullar\u0131 toplulu\u011fu taraf\u0131ndan d\u00fczenlemesi yap\u0131lan k\u00fct\u00fcphaneye 2016 y\u0131l\u0131nda Mardin\u2019in Nusaybin il\u00e7esinde PKK\u2019l\u0131lar taraf\u0131ndan tuzaklanan patlay\u0131c\u0131n\u0131n infilak ettirilmesi sonucu \u015fehit d\u00fc\u015fen Giresunlu Uzman \u00c7avu\u015f S\u00fcleyman Kul\u2019un ismi verilirken, 2017 y\u0131l\u0131nda Diyarbak\u0131r\u2019da ter\u00f6r \u00f6rg\u00fct\u00fc PKK\u2019ya y\u00f6nelik h\u00fccre evine yap\u0131lan operasyonda \u015fehit olan Salihlili \u00d6zel Harekat polisi Ahmet Alp Ta\u015fdemir\u2019in ismi ise anaokuluna verildi.<br \/>\n<br \/>K\u00fct\u00fcphane ve anaokulunun a\u00e7\u0131l\u0131\u015f\u0131 ise Salihli Kaymakam\u0131 Ali G\u00fcldo\u011fan, Manisa \u0130l Emniyet M\u00fcd\u00fcr\u00fc Fahri Akta\u015f, Manisa \u0130l Jandarma Komutan Yard\u0131mc\u0131s\u0131 Albay Ali R\u0131za G\u00fcm\u00fc\u015f, Salihli Belediye Ba\u015fkan Yard\u0131mc\u0131s\u0131 Yavuz \u00d6zden, \u0130l\u00e7e Emniyet M\u00fcd\u00fcr\u00fc Burhan Demirk\u0131ran, \u0130l\u00e7e Jandarma Komutan\u0131 Binba\u015f\u0131 Do\u011fukan Karaaslan, \u0130l\u00e7e Milli E\u011fitim M\u00fcd\u00fcr\u00fc Mahmut Yenen, \u015fehitlerin aileleri ile \u00f6\u011fretmen ve \u00f6\u011frenciler kat\u0131ld\u0131.<br \/>\n<br \/>Programda konu\u015fan Kaymakam G\u00fcldo\u011fan, &#8220;Fedakarl\u0131klar\u0131n en b\u00fcy\u00fc\u011f\u00fcn\u00fc yaparak vatan m\u00fcdafaas\u0131nda canlar\u0131n\u0131 feda eden \u015eehitlerimizi bir kez daha rahmet ve \u015f\u00fckranla an\u0131yorum. Yenilenmek suretiyle \u00e7ocuklar\u0131m\u0131z\u0131n hizmetine sunulan k\u00fct\u00fcphane ve anas\u0131n\u0131f\u0131n\u0131n hay\u0131rl\u0131 olmas\u0131n\u0131 diliyorum&#8221; dedi.<br \/>\n<br \/>Milli ve manevi de\u011ferlerin \u00e7ocuklara aktar\u0131lmas\u0131n\u0131n \u00f6nemine de\u011finen Kaymakam G\u00fcldo\u011fan, eme\u011fi ge\u00e7en herkese te\u015fekk\u00fcr etti.<br \/><\/p>\n","protected":false},"excerpt":{"rendered":"<p>Manisa\u2019n\u0131n Salihli il\u00e7esindeki Sartmahmut \u0130lkokulu\u2019ndaki ana s\u0131n\u0131f\u0131na \u015fehit polis Ahmet Alp Ta\u015fdemir, k\u00fct\u00fcphanesine ise \u015fehit uzman \u00e7avu\u015f S\u00fcleyman Kul ismi verildi. Salihli\u2019nin Sartmahmut \u0130lkokulunda karde\u015f k\u00f6y okullar\u0131 toplulu\u011fu taraf\u0131ndan d\u00fczenlemesi yap\u0131lan k\u00fct\u00fcphaneye 2016 y\u0131l\u0131nda Mardin\u2019in Nusaybin il\u00e7esinde PKK\u2019l\u0131lar taraf\u0131ndan tuzaklanan patlay\u0131c\u0131n\u0131n infilak ettirilmesi sonucu \u015fehit d\u00fc\u015fen Giresunlu Uzman \u00c7avu\u015f S\u00fcleyman Kul\u2019un ismi verilirken, 2017 y\u0131l\u0131nda&#8230;<\/p>\n","protected":false},"author":1,"featured_media":30928,"comment_status":"open","ping_status":"open","sticky":false,"template":"","format":"standard","meta":{"_crdt_document":"","footnotes":""},"categories":[123],"tags":[],"class_list":["post-30927","post","type-post","status-publish","format-standard","has-post-thumbnail","hentry","category-gundem"],"_links":{"self":[{"href":"https:\/\/www.egemtv.com\/index.php?rest_route=\/wp\/v2\/posts\/30927","targetHints":{"allow":["GET"]}}],"collection":[{"href":"https:\/\/www.egemtv.com\/index.php?rest_route=\/wp\/v2\/posts"}],"about":[{"href":"https:\/\/www.egemtv.com\/index.php?rest_route=\/wp\/v2\/types\/post"}],"author":[{"embeddable":true,"href":"https:\/\/www.egemtv.com\/index.php?rest_route=\/wp\/v2\/users\/1"}],"replies":[{"embeddable":true,"href":"https:\/\/www.egemtv.com\/index.php?rest_route=%2Fwp%2Fv2%2Fcomments&post=30927"}],"version-history":[{"count":1,"href":"https:\/\/www.egemtv.com\/index.php?rest_route=\/wp\/v2\/posts\/30927\/revisions"}],"predecessor-version":[{"id":30929,"href":"https:\/\/www.egemtv.com\/index.php?rest_route=\/wp\/v2\/posts\/30927\/revisions\/30929"}],"wp:featuredmedia":[{"embeddable":true,"href":"https:\/\/www.egemtv.com\/index.php?rest_route=\/wp\/v2\/media\/30928"}],"wp:attachment":[{"href":"https:\/\/www.egemtv.com\/index.php?rest_route=%2Fwp%2Fv2%2Fmedia&parent=30927"}],"wp:term":[{"taxonomy":"category","embeddable":true,"href":"https:\/\/www.egemtv.com\/index.php?rest_route=%2Fwp%2Fv2%2Fcategories&post=30927"},{"taxonomy":"post_tag","embeddable":true,"href":"https:\/\/www.egemtv.com\/index.php?rest_route=%2Fwp%2Fv2%2Ftags&post=30927"}],"curies":[{"name":"wp","href":"https:\/\/api.w.org\/{rel}","templated":true}]}}