{"id":30924,"date":"2025-05-23T15:56:12","date_gmt":"2025-05-23T12:56:12","guid":{"rendered":"https:\/\/www.egemtv.com\/?p=30924"},"modified":"2025-05-23T15:56:16","modified_gmt":"2025-05-23T12:56:16","slug":"demircide-yun-hali-dokuma-fabrikasinda-yangin-cikti","status":"publish","type":"post","link":"https:\/\/www.egemtv.com\/?p=30924","title":{"rendered":"Demirci\u2019de y\u00fcn hal\u0131 dokuma fabrikas\u0131nda yang\u0131n \u00e7\u0131kt\u0131"},"content":{"rendered":"<p>Manisa\u2019n\u0131n Demirci il\u00e7esinde y\u0131lda 20 bin metrekare hal\u0131n\u0131n dokundu\u011fu fabrikada makineye ba\u011fl\u0131 t\u00fcp\u00fcn alev almas\u0131 sonucu yang\u0131n \u00e7\u0131kt\u0131.<br \/>\n<br \/>\u0130l\u00e7ede eski sanayi sitesinde cami ve otel hal\u0131c\u0131l\u0131\u011f\u0131 \u00fcretimi yapan fabrikan\u0131n hal\u0131 apre makinesine sanayi t\u00fcp\u00fcn hen\u00fcz belirlenemeyen bir nedenden dolay\u0131 alev almas\u0131 sonucu yang\u0131n \u00e7\u0131kt\u0131. Yang\u0131na fabrikada bulunan i\u015f\u00e7iler taraf\u0131ndan yang\u0131n t\u00fcpleri ile ilk m\u00fcdahale yap\u0131ld\u0131.<br \/>\n<br \/>\u0130hbar sonucu olay yerine Manisa B\u00fcy\u00fck\u015fehir Belediyesi Demirci \u0130tfaiye ekiplerinin sevk edilmesi ile bir saat s\u00fcren yo\u011fun bir \u00e7al\u0131\u015fma sonucunda s\u00f6nd\u00fcr\u00fcld\u00fc. Yang\u0131n sebebiyle hal\u0131lar ve makine kullan\u0131lamaz hale geldi.<br \/>\n<br \/>Yang\u0131n\u0131n ard\u0131ndan Demirci Kaymakam\u0131 Yavuz Arslan ve Belediye Ba\u015fkan\u0131 Erkan Kara da fabrikay\u0131 ziyaret ederek, firma sahiplerine ge\u00e7mi\u015f olsun temennisinde bulundu.<br \/>\n<br \/>Fabrika M\u00fcd\u00fcr\u00fc G\u00f6rkem Yiyen yapt\u0131\u011f\u0131 a\u00e7\u0131klamada, &#8220;Y\u0131ll\u0131k 20 bin metrekare cami ve otel hal\u0131s\u0131 \u00fcretimi yapan bir firmay\u0131z. Fabrikam\u0131z\u0131n apre b\u00f6l\u00fcm\u00fc yani hal\u0131n\u0131n en son haz\u0131rlan\u0131p servis edilme b\u00f6l\u00fcm\u00fcnde yang\u0131n \u00e7\u0131kt\u0131. Zararlar\u0131m\u0131z var. Allah\u2019a \u015f\u00fck\u00fcr bizi sevindiren can kayb\u0131 olmad\u0131. Burada y\u00fcksek enerjili sanayi t\u00fcplerinden yang\u0131n olmas\u0131 bizde patlama olabilir korkusu oldu. \u0130\u015fletmemizdeki t\u00fcm yang\u0131n t\u00fcpleri ile ilk m\u00fcdahaleyi yaparak patlama riskini en aza indirdik. A\u011f\u0131rl\u0131kl\u0131 olarak yurt d\u0131\u015f\u0131 ihracat\u0131 yap\u0131yoruz. Ba\u015f\u0131m\u0131za geldi \u00fczg\u00fcn\u00fc in\u015fallah en k\u0131sa s\u00fcrede toparlan\u0131p yolumuza devam etmeyi hedefliyoruz.&#8221; dedi.<br \/><\/p>\n","protected":false},"excerpt":{"rendered":"<p>Manisa\u2019n\u0131n Demirci il\u00e7esinde y\u0131lda 20 bin metrekare hal\u0131n\u0131n dokundu\u011fu fabrikada makineye ba\u011fl\u0131 t\u00fcp\u00fcn alev almas\u0131 sonucu yang\u0131n \u00e7\u0131kt\u0131. \u0130l\u00e7ede eski sanayi sitesinde cami ve otel hal\u0131c\u0131l\u0131\u011f\u0131 \u00fcretimi yapan fabrikan\u0131n hal\u0131 apre makinesine sanayi t\u00fcp\u00fcn hen\u00fcz belirlenemeyen bir nedenden dolay\u0131 alev almas\u0131 sonucu yang\u0131n \u00e7\u0131kt\u0131. Yang\u0131na fabrikada bulunan i\u015f\u00e7iler taraf\u0131ndan yang\u0131n t\u00fcpleri ile ilk m\u00fcdahale yap\u0131ld\u0131&#8230;.<\/p>\n","protected":false},"author":1,"featured_media":30925,"comment_status":"open","ping_status":"open","sticky":false,"template":"","format":"standard","meta":{"_crdt_document":"","footnotes":""},"categories":[5],"tags":[],"class_list":["post-30924","post","type-post","status-publish","format-standard","has-post-thumbnail","hentry","category-asayis"],"_links":{"self":[{"href":"https:\/\/www.egemtv.com\/index.php?rest_route=\/wp\/v2\/posts\/30924","targetHints":{"allow":["GET"]}}],"collection":[{"href":"https:\/\/www.egemtv.com\/index.php?rest_route=\/wp\/v2\/posts"}],"about":[{"href":"https:\/\/www.egemtv.com\/index.php?rest_route=\/wp\/v2\/types\/post"}],"author":[{"embeddable":true,"href":"https:\/\/www.egemtv.com\/index.php?rest_route=\/wp\/v2\/users\/1"}],"replies":[{"embeddable":true,"href":"https:\/\/www.egemtv.com\/index.php?rest_route=%2Fwp%2Fv2%2Fcomments&post=30924"}],"version-history":[{"count":1,"href":"https:\/\/www.egemtv.com\/index.php?rest_route=\/wp\/v2\/posts\/30924\/revisions"}],"predecessor-version":[{"id":30926,"href":"https:\/\/www.egemtv.com\/index.php?rest_route=\/wp\/v2\/posts\/30924\/revisions\/30926"}],"wp:featuredmedia":[{"embeddable":true,"href":"https:\/\/www.egemtv.com\/index.php?rest_route=\/wp\/v2\/media\/30925"}],"wp:attachment":[{"href":"https:\/\/www.egemtv.com\/index.php?rest_route=%2Fwp%2Fv2%2Fmedia&parent=30924"}],"wp:term":[{"taxonomy":"category","embeddable":true,"href":"https:\/\/www.egemtv.com\/index.php?rest_route=%2Fwp%2Fv2%2Fcategories&post=30924"},{"taxonomy":"post_tag","embeddable":true,"href":"https:\/\/www.egemtv.com\/index.php?rest_route=%2Fwp%2Fv2%2Ftags&post=30924"}],"curies":[{"name":"wp","href":"https:\/\/api.w.org\/{rel}","templated":true}]}}