{"id":30921,"date":"2025-05-23T15:56:07","date_gmt":"2025-05-23T12:56:07","guid":{"rendered":"https:\/\/www.egemtv.com\/?p=30921"},"modified":"2025-05-23T15:56:11","modified_gmt":"2025-05-23T12:56:11","slug":"honaz-vergi-dairesi-mudurlugu-torenle-hizmete-acildi","status":"publish","type":"post","link":"https:\/\/www.egemtv.com\/?p=30921","title":{"rendered":"Honaz Vergi Dairesi M\u00fcd\u00fcrl\u00fc\u011f\u00fc t\u00f6renle hizmete a\u00e7\u0131ld\u0131"},"content":{"rendered":"<p>Denizli\u2019nin Honaz il\u00e7esi, kamu hizmetlerinde \u00f6nemli bir ad\u0131m daha atarak Vergi Dairesi M\u00fcd\u00fcrl\u00fc\u011f\u00fc\u2019ne kavu\u015ftu. Yeni m\u00fcd\u00fcrl\u00fckle birlikte hem vatanda\u015f memnuniyetinin art\u0131r\u0131lmas\u0131 hem de vergide g\u00f6n\u00fcll\u00fc uyumun te\u015fvik edilmesi hedefleniyor.<\/p>\n<p>Denizli\u2019nin Honaz il\u00e7esinde in\u015fa edilen Honaz Vergi Dairesi M\u00fcd\u00fcrl\u00fc\u011f\u00fc, d\u00fczenlenen t\u00f6renle resmi olarak hizmete a\u00e7\u0131ld\u0131. Yeni m\u00fcd\u00fcrl\u00fc\u011f\u00fcn faaliyete ge\u00e7mesiyle birlikte, Honaz ve \u00e7evresindeki vatanda\u015flar\u0131n vergi i\u015flemleri i\u00e7in Denizli merkezine gitmesine gerek kalmayacak. Bu sayede hem vatanda\u015flar\u0131n zamandan tasarruf etmesi hem de vergi bilincinin yerel d\u00fczeyde g\u00fc\u00e7lendirilmesi bekleniyor. M\u00fcd\u00fcrl\u00fck, vergi tahsilat\u0131, beyannamelerin al\u0131nmas\u0131, m\u00fckellef i\u015flemleri gibi bir\u00e7ok hizmeti do\u011frudan il\u00e7ede sunacak.<\/p>\n<p>&#8220;Vergide g\u00f6n\u00fcll\u00fc uyumu art\u0131rmak en b\u00fcy\u00fck hedefimiz&#8221;<br \/>\n<br \/>A\u00e7\u0131l\u0131\u015f t\u00f6reninde bir konu\u015fma yapan Denizli Defterdar\u0131 Mustafa \u00d6zdemirci, yeni vergi dairesinin b\u00f6lge halk\u0131na hay\u0131rl\u0131 olmas\u0131n\u0131 dileyerek, kamu hizmetlerinde etkinlik ve verimlili\u011fin art\u0131r\u0131lmas\u0131n\u0131n temel hedefleri oldu\u011funu ifade etti. \u00d6zdemirci, &#8220;Yeni kurulan Honaz Vergi Dairesi M\u00fcd\u00fcrl\u00fc\u011f\u00fc ile vatanda\u015flar\u0131m\u0131za daha kaliteli ve h\u0131zl\u0131 hizmet sunmay\u0131, ayn\u0131 zamanda vergide g\u00f6n\u00fcll\u00fc uyumu art\u0131rarak kamu maliyesine katk\u0131 sa\u011flamay\u0131 ama\u00e7l\u0131yoruz&#8221; dedi.<br \/>\n<br \/>T\u00f6rene Denizli Defterdar\u0131 Mustafa \u00d6zdemirci, Honaz Kaymakam\u0131 Vahit Y\u0131lmaz, Gelir \u0130daresi Ba\u015fkanl\u0131\u011f\u0131\u2019na ba\u011fl\u0131 grup m\u00fcd\u00fcrleri ve \u00e7e\u015fitli kurum temsilcileri kat\u0131ld\u0131.<br \/><\/p>\n","protected":false},"excerpt":{"rendered":"<p>Denizli\u2019nin Honaz il\u00e7esi, kamu hizmetlerinde \u00f6nemli bir ad\u0131m daha atarak Vergi Dairesi M\u00fcd\u00fcrl\u00fc\u011f\u00fc\u2019ne kavu\u015ftu. Yeni m\u00fcd\u00fcrl\u00fckle birlikte hem vatanda\u015f memnuniyetinin art\u0131r\u0131lmas\u0131 hem de vergide g\u00f6n\u00fcll\u00fc uyumun te\u015fvik edilmesi hedefleniyor. Denizli\u2019nin Honaz il\u00e7esinde in\u015fa edilen Honaz Vergi Dairesi M\u00fcd\u00fcrl\u00fc\u011f\u00fc, d\u00fczenlenen t\u00f6renle resmi olarak hizmete a\u00e7\u0131ld\u0131. Yeni m\u00fcd\u00fcrl\u00fc\u011f\u00fcn faaliyete ge\u00e7mesiyle birlikte, Honaz ve \u00e7evresindeki vatanda\u015flar\u0131n vergi i\u015flemleri&#8230;<\/p>\n","protected":false},"author":1,"featured_media":30922,"comment_status":"open","ping_status":"open","sticky":false,"template":"","format":"standard","meta":{"_crdt_document":"","footnotes":""},"categories":[125],"tags":[],"class_list":["post-30921","post","type-post","status-publish","format-standard","has-post-thumbnail","hentry","category-ekonomi"],"_links":{"self":[{"href":"https:\/\/www.egemtv.com\/index.php?rest_route=\/wp\/v2\/posts\/30921","targetHints":{"allow":["GET"]}}],"collection":[{"href":"https:\/\/www.egemtv.com\/index.php?rest_route=\/wp\/v2\/posts"}],"about":[{"href":"https:\/\/www.egemtv.com\/index.php?rest_route=\/wp\/v2\/types\/post"}],"author":[{"embeddable":true,"href":"https:\/\/www.egemtv.com\/index.php?rest_route=\/wp\/v2\/users\/1"}],"replies":[{"embeddable":true,"href":"https:\/\/www.egemtv.com\/index.php?rest_route=%2Fwp%2Fv2%2Fcomments&post=30921"}],"version-history":[{"count":1,"href":"https:\/\/www.egemtv.com\/index.php?rest_route=\/wp\/v2\/posts\/30921\/revisions"}],"predecessor-version":[{"id":30923,"href":"https:\/\/www.egemtv.com\/index.php?rest_route=\/wp\/v2\/posts\/30921\/revisions\/30923"}],"wp:featuredmedia":[{"embeddable":true,"href":"https:\/\/www.egemtv.com\/index.php?rest_route=\/wp\/v2\/media\/30922"}],"wp:attachment":[{"href":"https:\/\/www.egemtv.com\/index.php?rest_route=%2Fwp%2Fv2%2Fmedia&parent=30921"}],"wp:term":[{"taxonomy":"category","embeddable":true,"href":"https:\/\/www.egemtv.com\/index.php?rest_route=%2Fwp%2Fv2%2Fcategories&post=30921"},{"taxonomy":"post_tag","embeddable":true,"href":"https:\/\/www.egemtv.com\/index.php?rest_route=%2Fwp%2Fv2%2Ftags&post=30921"}],"curies":[{"name":"wp","href":"https:\/\/api.w.org\/{rel}","templated":true}]}}