{"id":30915,"date":"2025-05-23T15:16:45","date_gmt":"2025-05-23T12:16:45","guid":{"rendered":"https:\/\/www.egemtv.com\/?p=30915"},"modified":"2025-05-23T15:16:50","modified_gmt":"2025-05-23T12:16:50","slug":"mentese-belediyesi-egitmenleri-egitici-egitimleri-programina-katildi","status":"publish","type":"post","link":"https:\/\/www.egemtv.com\/?p=30915","title":{"rendered":"Mente\u015fe Belediyesi e\u011fitmenleri  \u2018E\u011fitici E\u011fitimleri Program\u0131\u2019na kat\u0131ld\u0131"},"content":{"rendered":"<p>Mente\u015fe Belediyesi Dijital Gen\u00e7lik Merkezi e\u011fitmenleri \u2018Bug\u00fcn\u00fcn Gen\u00e7leri Gelece\u011fin Meslekleri\u2019 Projesi kapsam\u0131nda \u0130zmir\u2019de d\u00fczenlenen \u2018E\u011fitici E\u011fitimleri Program\u0131\u2019na kat\u0131ld\u0131.<br \/>\n<br \/>T\u00fcrkiye Belediyeler Birli\u011fi taraf\u0131ndan 45 ilde y\u00fcr\u00fct\u00fclen, Birle\u015fmi\u015f Milletler Kalk\u0131nma Program\u0131 ve Avrupa Finansman\u0131 taraf\u0131ndan desteklenen uygulama kapsam\u0131nda \u2018E\u011fitici E\u011fitimleri\u2019 program\u0131 d\u00fczenlendi. \u0130zmir\u2019de d\u00fczenlenen programda 2 g\u00fcn boyunca e\u011fitmenlere, alan\u0131nda uzman isimler taraf\u0131ndan; andragojik ve pedagojik yakla\u015f\u0131mlar, \u00e7ocuk ve yeti\u015fkinler i\u00e7in koruma, yeti\u015fkin ve \u00e7ocuk e\u011fitimi, soru sorma becerileri, toplumsal cinsiyet e\u015fitli\u011fi ve \u00f6\u011frenme y\u00f6netim sistemi ba\u015fl\u0131klar\u0131nda bilgiler aktar\u0131ld\u0131.<br \/>\n<br \/>Mu\u011fla\u2019da ya\u015fayan gen\u00e7lere ve \u00e7ocuklara veri analisti, yapay zeka ve makine \u00f6\u011frenmesi uzman\u0131, yaz\u0131l\u0131m uzman\u0131, dijital tasar\u0131m uzman\u0131, dijital pazarlama uzman\u0131 ve e-ticaret uzman\u0131 alanlar\u0131nda e\u011fitimler verilecek Robotik ve Kodlama E\u011fitim Merkezi\u2019nde, lise ve ortaokul \u00f6\u011frencilerine y\u00f6nelik Robotik ve kodlama e\u011fitimleri de devam ediyor.<br \/><\/p>\n","protected":false},"excerpt":{"rendered":"<p>Mente\u015fe Belediyesi Dijital Gen\u00e7lik Merkezi e\u011fitmenleri \u2018Bug\u00fcn\u00fcn Gen\u00e7leri Gelece\u011fin Meslekleri\u2019 Projesi kapsam\u0131nda \u0130zmir\u2019de d\u00fczenlenen \u2018E\u011fitici E\u011fitimleri Program\u0131\u2019na kat\u0131ld\u0131. T\u00fcrkiye Belediyeler Birli\u011fi taraf\u0131ndan 45 ilde y\u00fcr\u00fct\u00fclen, Birle\u015fmi\u015f Milletler Kalk\u0131nma Program\u0131 ve Avrupa Finansman\u0131 taraf\u0131ndan desteklenen uygulama kapsam\u0131nda \u2018E\u011fitici E\u011fitimleri\u2019 program\u0131 d\u00fczenlendi. \u0130zmir\u2019de d\u00fczenlenen programda 2 g\u00fcn boyunca e\u011fitmenlere, alan\u0131nda uzman isimler taraf\u0131ndan; andragojik ve pedagojik yakla\u015f\u0131mlar,&#8230;<\/p>\n","protected":false},"author":1,"featured_media":30916,"comment_status":"open","ping_status":"open","sticky":false,"template":"","format":"standard","meta":{"_crdt_document":"","footnotes":""},"categories":[1],"tags":[],"class_list":["post-30915","post","type-post","status-publish","format-standard","has-post-thumbnail","hentry","category-guncel"],"_links":{"self":[{"href":"https:\/\/www.egemtv.com\/index.php?rest_route=\/wp\/v2\/posts\/30915","targetHints":{"allow":["GET"]}}],"collection":[{"href":"https:\/\/www.egemtv.com\/index.php?rest_route=\/wp\/v2\/posts"}],"about":[{"href":"https:\/\/www.egemtv.com\/index.php?rest_route=\/wp\/v2\/types\/post"}],"author":[{"embeddable":true,"href":"https:\/\/www.egemtv.com\/index.php?rest_route=\/wp\/v2\/users\/1"}],"replies":[{"embeddable":true,"href":"https:\/\/www.egemtv.com\/index.php?rest_route=%2Fwp%2Fv2%2Fcomments&post=30915"}],"version-history":[{"count":1,"href":"https:\/\/www.egemtv.com\/index.php?rest_route=\/wp\/v2\/posts\/30915\/revisions"}],"predecessor-version":[{"id":30917,"href":"https:\/\/www.egemtv.com\/index.php?rest_route=\/wp\/v2\/posts\/30915\/revisions\/30917"}],"wp:featuredmedia":[{"embeddable":true,"href":"https:\/\/www.egemtv.com\/index.php?rest_route=\/wp\/v2\/media\/30916"}],"wp:attachment":[{"href":"https:\/\/www.egemtv.com\/index.php?rest_route=%2Fwp%2Fv2%2Fmedia&parent=30915"}],"wp:term":[{"taxonomy":"category","embeddable":true,"href":"https:\/\/www.egemtv.com\/index.php?rest_route=%2Fwp%2Fv2%2Fcategories&post=30915"},{"taxonomy":"post_tag","embeddable":true,"href":"https:\/\/www.egemtv.com\/index.php?rest_route=%2Fwp%2Fv2%2Ftags&post=30915"}],"curies":[{"name":"wp","href":"https:\/\/api.w.org\/{rel}","templated":true}]}}