{"id":30912,"date":"2025-05-23T15:16:40","date_gmt":"2025-05-23T12:16:40","guid":{"rendered":"https:\/\/www.egemtv.com\/?p=30912"},"modified":"2025-05-23T15:16:45","modified_gmt":"2025-05-23T12:16:45","slug":"muglada-engelsiz-ucurtmalar-gokyuzu-ile-bulustu","status":"publish","type":"post","link":"https:\/\/www.egemtv.com\/?p=30912","title":{"rendered":"Mu\u011fla\u2019da engelsiz u\u00e7urtmalar g\u00f6ky\u00fcz\u00fc ile bulu\u015ftu"},"content":{"rendered":"<p>Mu\u011fla B\u00fcy\u00fck\u015fehir Belediyesi, Engelliler Haftas\u0131 kapsam\u0131nda Akyaka\u2019da bu y\u0131l \u00fc\u00e7\u00fcnc\u00fcs\u00fcn\u00fc d\u00fczenledi\u011fi Engelsiz U\u00e7urtma \u015eenli\u011fi ile g\u00f6ky\u00fcz\u00fcn\u00fc renklendirdi.<br \/>\n<br \/>Akyaka\u2019da ger\u00e7ekle\u015ftirilen U\u00e7urtma \u015eenli\u011fi \u00f6ncesinde 10-16 May\u0131s D\u00fcnya Engelliler Haftas\u0131 kapsam\u0131nda ger\u00e7ekle\u015ftirilen etkinlikler, kortej y\u00fcr\u00fcy\u00fc\u015f\u00fc ve \u00e7elenk sunma t\u00f6reni ile ba\u015flad\u0131.<br \/>\n<br \/>Etkinliklerde, Mu\u011fla B\u00fcy\u00fck\u015fehir Belediyesi\u2019nin K\u0131sa Mola Merkezi hizmetinden yararlanan \u00e7ocuklardan olu\u015fan Engelsiz \u0130zciler Bando Tak\u0131m\u0131\u2019n\u0131n sundu\u011fu g\u00f6steri b\u00fcy\u00fck be\u011feni toplad\u0131. Engelsiz bir kent hedefiyle \u00e7al\u0131\u015fmalar\u0131n\u0131 s\u00fcrd\u00fcren Mu\u011fla B\u00fcy\u00fck\u015fehir Belediyesi\u2019nin Engelliler Haftas\u0131 kapsam\u0131nda Ula Akyaka\u2019da ger\u00e7ekle\u015ftirdi\u011fi 3. Engelsiz U\u00e7urtma \u015eenli\u011fi engelli bireyler ve ailelerinin yo\u011fun kat\u0131l\u0131m\u0131yla co\u015fku dolu anlara sahne oldu. Akyaka sahilinde ger\u00e7ekle\u015ftirilen \u015fenlikte, engelli bireyler u\u00e7urtmalar\u0131n\u0131 g\u00f6ky\u00fcz\u00fcne b\u0131rakman\u0131n heyecan\u0131n\u0131 ya\u015fad\u0131.<br \/>\n<br \/>Etkinli\u011fe, Mente\u015fe, Milas, Fethiye, Marmaris, Bodrum, Dat\u00e7a, Yata\u011fan ve Ortaca il\u00e7elerinde bulunan K\u0131sa Mola Merkezi \u00fcyeleri kat\u0131ld\u0131. Etkinlikte yakla\u015f\u0131k 400 engelli birey ve aileleri yer ald\u0131. Renkli u\u00e7urtmalar g\u00f6ky\u00fcz\u00fcn\u00fc s\u00fcslerken, kat\u0131l\u0131mc\u0131lar hem e\u011flendi hem de birlikte olman\u0131n mutlulu\u011funu ya\u015fad\u0131. \u015eenlikte \u00e7e\u015fitli at\u00f6lye \u00e7al\u0131\u015fmalar\u0131, y\u00fcz boyama etkinlikleri, m\u00fczikli g\u00f6sterileri ve tekne turu d\u00fczenlendi.<br \/>\n<br \/>Akyaka Azmak Ta\u015f\u0131y\u0131c\u0131lar Kooperatifi de etkinlikte t\u00fcm engelli ve ailelerine Azmak turu yapt\u0131rarak etkinli\u011fe renk katt\u0131.<br \/>\n<br \/>Mu\u011fla Tip-1 Diyabet Derne\u011fi Ba\u015fkan\u0131 Ne\u015fe \u015eahin, &#8220;\u00c7ok g\u00fczel bir organizasyon oldu. Mu\u011fla B\u00fcy\u00fck\u015fehir Belediye Ba\u015fkan\u0131 Ahmet Aras\u2019a \u00e7ok te\u015fekk\u00fcr ediyorum. Tip-1 Diyabetli \u00e7ocuklar\u0131m\u0131z\u0131n her zaman yan\u0131nda oluyor. \u00c7ocuklar\u0131m\u0131z burada at\u00f6lye \u00e7al\u0131\u015fmalar\u0131 yapt\u0131, \u00e7i\u00e7ek dikti ve u\u00e7urtma u\u00e7urdular.&#8221; dedi.<br \/>\n<br \/>Bodrum \u0130\u015fitme Engelliler Derne\u011fi Y\u00f6netim Kurulu \u00dcyesi G\u00fclsem Talay, &#8220;Engelsiz U\u00e7urtma \u015eenli\u011fine Bodrum\u2019dan 10 ki\u015fi ile kat\u0131ld\u0131k. B\u00fcy\u00fck\u015fehir Belediyemiz engelli bireylerin her konuda yan\u0131nda oluyor. Mu\u011fla B\u00fcy\u00fck\u015fehir Belediye Ba\u015fkan\u0131m\u0131z Ahmet Aras\u2019a engelli bireylerin her zaman yan\u0131ndan oldu\u011fu i\u00e7in \u00e7ok te\u015fekk\u00fcr ederim&#8221; diye konu\u015ftu.<br \/>\n<br \/>Mu\u011fla Engeller Dene\u011fi Ba\u015fkan\u0131 Emine \u00c7ak\u0131ro\u011flu, &#8220;Bu sene \u015fenli\u011fin \u00fc\u00e7\u00fcnc\u00fcs\u00fc d\u00fczenlendi. Mu\u011fla B\u00fcy\u00fck\u015fehir Belediye Ba\u015fkan\u0131 Ahmet Aras\u2019a bu y\u00fczden \u00e7ok te\u015fekk\u00fcr ediyorum. \u00d6zel bireylerimiz b\u00fcy\u00fck bir sab\u0131rs\u0131zl\u0131kla bu g\u00fcn\u00fc beklediler. \u00d6zel bireylerimizin hem il\u00e7elerden gelen \u00e7ocuklar hem de kendi arkada\u015flar\u0131yla sosyalle\u015fmeleri ad\u0131na \u00e7ok g\u00fczel bir etkinlik oldu&#8221; ifadelerini kulland\u0131.<br \/>\n<br \/>Engelsiz U\u00e7urtma \u015eenli\u011fine karde\u015fi ile kat\u0131lan Sibel T\u00fcrk, &#8220;Her sene bu \u015fenli\u011fe karde\u015fim ile kat\u0131l\u0131yoruz. Burada oldu\u011fu zaman \u00e7ok mutlu oluyor. Engellerimizi bu \u015fekilde unutuyoruz. Bu t\u00fcr etkinlikler bize \u00e7ok iyi geliyor. Karde\u015fimin sosyalle\u015fmesi a\u00e7\u0131s\u0131ndan bu t\u00fcr etkinlikler bizim i\u00e7in \u00e7ok k\u0131ymetli&#8221; dedi.<br \/>\n<br \/>\u015eenli\u011fe o\u011flu ile kat\u0131lan H\u00fcmeyra Ta\u015f\u00e7\u0131, &#8220;O\u011flum i\u00e7in Ankara\u2019dan Fethiye\u2019ye ta\u015f\u0131nd\u0131m. Bu y\u0131l K\u0131sa Mola Merkezi ile tan\u0131\u015ft\u0131m. Burada d\u00fczenlenen organizasyonu \u00e7ok be\u011fendik. Mu\u011fla \u00f6zel bireyler konusunda \u00e7ok duyarl\u0131 bir il. O\u011flum bug\u00fcn burada \u00e7e\u015fitli etkinliklere kat\u0131ld\u0131 ve \u00e7ok mutlu oldu. Mu\u011fla B\u00fcy\u00fck\u015fehir Belediye Ba\u015fkan\u0131 Ahmet Aras\u2019a duyarl\u0131l\u0131\u011f\u0131 i\u00e7in \u00e7ok te\u015fekk\u00fcr ederim&#8221; diye konu\u015ftu.<br \/>\n<br \/>Mu\u011fla B\u00fcy\u00fck\u015fehir Belediyesi\u2019nde g\u00f6revli Sosyal Hizmet Uzman\u0131 Zeliha Bal\u0131k, &#8220;Akyaka Plaj\u0131\u2019nda Engelsiz U\u00e7urtma \u015eenli\u011fimizin \u00fc\u00e7\u00fcnc\u00fcs\u00fcn\u00fc d\u00fczenledik. 8 K\u0131sa Mola Merkezi\u2019mizden yararlanan engeliler ve aileleri ile bir araya geldik. \u015eenli\u011fimize yakla\u015f\u0131k 400 kat\u0131l\u0131mc\u0131 geldi. Birlikte u\u00e7urtma u\u00e7urduk. \u00c7i\u00e7ek dikimi, linol bask\u0131, ta\u015f boyama, maske yap\u0131m\u0131 gibi \u00e7e\u015fitli at\u00f6lyelerimiz var. Ayn\u0131 zamanda DJ e\u015fli\u011finde keyifli vakit ge\u00e7irdiler. Mu\u011fla B\u00fcy\u00fck\u015fehir Belediye Ba\u015fkan\u0131\u2019m\u0131z Say\u0131n Ahmet Aras\u2019\u0131n Engelsiz bir Mu\u011fla hedefi do\u011frultusunda bu t\u00fcr etkinlikleri yapmaya devam edece\u011fiz&#8221; dedi.<br \/>\n<br \/>K\u0131y\u0131 Ege Belediyeler Birli\u011fi ve Mu\u011fla B\u00fcy\u00fck\u015fehir Belediye Ba\u015fkan\u0131 Ahmet Aras, &#8220;Mu\u011fla B\u00fcy\u00fck\u015fehir Belediyesi olarak, engelsiz bir ya\u015fam\u0131 sadece bir hedef de\u011fil, bir sorumluluk olarak g\u00f6r\u00fcyoruz. Sosyal hizmet anlay\u0131\u015f\u0131m\u0131z\u0131n merkezine kapsay\u0131c\u0131l\u0131\u011f\u0131 ve e\u015fitli\u011fi koyuyoruz. K\u0131sa Mola Merkezlerimizle engelli bireylerimize ve ailelerine destek olmay\u0131 s\u00fcrd\u00fcr\u00fcyoruz. Bu \u015fenlik, sadece bir etkinlik de\u011fil; birlikte \u00fcretmenin, g\u00fclmenin, umut etmenin bir simgesidir. Engelsiz bir Mu\u011fla i\u00e7in el ele vererek \u00e7al\u0131\u015fmaya devam edece\u011fiz&#8221; diye konu\u015ftu.<br \/><\/p>\n","protected":false},"excerpt":{"rendered":"<p>Mu\u011fla B\u00fcy\u00fck\u015fehir Belediyesi, Engelliler Haftas\u0131 kapsam\u0131nda Akyaka\u2019da bu y\u0131l \u00fc\u00e7\u00fcnc\u00fcs\u00fcn\u00fc d\u00fczenledi\u011fi Engelsiz U\u00e7urtma \u015eenli\u011fi ile g\u00f6ky\u00fcz\u00fcn\u00fc renklendirdi. Akyaka\u2019da ger\u00e7ekle\u015ftirilen U\u00e7urtma \u015eenli\u011fi \u00f6ncesinde 10-16 May\u0131s D\u00fcnya Engelliler Haftas\u0131 kapsam\u0131nda ger\u00e7ekle\u015ftirilen etkinlikler, kortej y\u00fcr\u00fcy\u00fc\u015f\u00fc ve \u00e7elenk sunma t\u00f6reni ile ba\u015flad\u0131. Etkinliklerde, Mu\u011fla B\u00fcy\u00fck\u015fehir Belediyesi\u2019nin K\u0131sa Mola Merkezi hizmetinden yararlanan \u00e7ocuklardan olu\u015fan Engelsiz \u0130zciler Bando Tak\u0131m\u0131\u2019n\u0131n sundu\u011fu g\u00f6steri&#8230;<\/p>\n","protected":false},"author":1,"featured_media":30913,"comment_status":"open","ping_status":"open","sticky":false,"template":"","format":"standard","meta":{"_crdt_document":"","footnotes":""},"categories":[1],"tags":[],"class_list":["post-30912","post","type-post","status-publish","format-standard","has-post-thumbnail","hentry","category-guncel"],"_links":{"self":[{"href":"https:\/\/www.egemtv.com\/index.php?rest_route=\/wp\/v2\/posts\/30912","targetHints":{"allow":["GET"]}}],"collection":[{"href":"https:\/\/www.egemtv.com\/index.php?rest_route=\/wp\/v2\/posts"}],"about":[{"href":"https:\/\/www.egemtv.com\/index.php?rest_route=\/wp\/v2\/types\/post"}],"author":[{"embeddable":true,"href":"https:\/\/www.egemtv.com\/index.php?rest_route=\/wp\/v2\/users\/1"}],"replies":[{"embeddable":true,"href":"https:\/\/www.egemtv.com\/index.php?rest_route=%2Fwp%2Fv2%2Fcomments&post=30912"}],"version-history":[{"count":1,"href":"https:\/\/www.egemtv.com\/index.php?rest_route=\/wp\/v2\/posts\/30912\/revisions"}],"predecessor-version":[{"id":30914,"href":"https:\/\/www.egemtv.com\/index.php?rest_route=\/wp\/v2\/posts\/30912\/revisions\/30914"}],"wp:featuredmedia":[{"embeddable":true,"href":"https:\/\/www.egemtv.com\/index.php?rest_route=\/wp\/v2\/media\/30913"}],"wp:attachment":[{"href":"https:\/\/www.egemtv.com\/index.php?rest_route=%2Fwp%2Fv2%2Fmedia&parent=30912"}],"wp:term":[{"taxonomy":"category","embeddable":true,"href":"https:\/\/www.egemtv.com\/index.php?rest_route=%2Fwp%2Fv2%2Fcategories&post=30912"},{"taxonomy":"post_tag","embeddable":true,"href":"https:\/\/www.egemtv.com\/index.php?rest_route=%2Fwp%2Fv2%2Ftags&post=30912"}],"curies":[{"name":"wp","href":"https:\/\/api.w.org\/{rel}","templated":true}]}}