{"id":30909,"date":"2025-05-23T15:16:35","date_gmt":"2025-05-23T12:16:35","guid":{"rendered":"https:\/\/www.egemtv.com\/?p=30909"},"modified":"2025-05-23T15:16:40","modified_gmt":"2025-05-23T12:16:40","slug":"bodrum-fk-teknik-direktoru-morais-kazanip-sansimizi-son-maca-tasimak-istiyoruz","status":"publish","type":"post","link":"https:\/\/www.egemtv.com\/?p=30909","title":{"rendered":"Bodrum FK Teknik Direkt\u00f6r\u00fc Morais: &#8220;Kazan\u0131p, \u015fans\u0131m\u0131z\u0131 son ma\u00e7a ta\u015f\u0131mak istiyoruz&#8221;"},"content":{"rendered":"<p>Bodrum FK Teknik Direkt\u00f6r\u00fc Jose Morais, Kayserispor ma\u00e7\u0131ndan galibiyetle ayr\u0131larak ligde kalma umutlar\u0131n\u0131 son haftaya ta\u015f\u0131mak istediklerini s\u00f6yledi.<br \/>\n<br \/>Trendyol S\u00fcper Lig\u2019in 37. haftas\u0131nda Bodrum FK, 25 May\u0131s Pazar g\u00fcn\u00fc saat 19.00\u2019da deplasmanda Kayserispor ile kar\u015f\u0131la\u015facak. Teknik Direkt\u00f6r Jose Morais y\u00f6netimindeki ye\u015fil-beyazl\u0131lar, haz\u0131rl\u0131klar\u0131n\u0131 Bodrum Stadyumu\u2019nda s\u00fcrd\u00fcrd\u00fc. \u00d6te yandan Sipay Bodrum FK Asba\u015fkan\u0131 Selahattin Polat ve Y\u00f6netim Kurulu \u00dcyesi A\u015fk\u0131n Demir de idman\u0131 takip etti.<\/p>\n<p>Jose Morais: &#8220;3 puana ihtiyac\u0131m\u0131z var&#8221;<br \/>\n<br \/>Antrenmanda bas\u0131n mensuplar\u0131na a\u00e7\u0131klamalarda bulunan Teknik Direkt\u00f6r Jose Morais, \u00f6ncelikle Kayserispor m\u00fccadelesini de\u011ferlendirdi. Morais, &#8220;Bizim i\u00e7in \u00f6nemli ve kritik kar\u015f\u0131la\u015fma olacak. Galatasaray ve Fenerbah\u00e7e ma\u00e7lar\u0131n\u0131 d\u0131\u015far\u0131da tutarsak ve bir Samsun ma\u00e7\u0131 var. Orada neler oldu\u011funu zaten biliyoruz. O ma\u00e7ta bir \u015fekilde bizim kazanmam\u0131z engellendi. Onun d\u0131\u015f\u0131ndaki ma\u00e7larda puanlar almay\u0131 ba\u015fard\u0131k ama art\u0131k bizim 3 puana ihtiyac\u0131m\u0131z var. Hafta boyunca haz\u0131rl\u0131klar\u0131m\u0131z\u0131 bu \u015fekilde yapt\u0131k. Oyuncular\u0131m\u0131z motive durumda, orada kazanarak \u015fans\u0131m\u0131z\u0131 son ma\u00e7a kadar ta\u015f\u0131mak istiyoruz&#8221; dedi.<\/p>\n<p>Selahattin Polat: &#8220;Biz ligde kalaca\u011f\u0131m\u0131za inan\u0131yoruz&#8221;<br \/>\n<br \/>Ligde kalma yar\u0131\u015f\u0131yla alakal\u0131 de\u011ferlendirme yapan Asba\u015fkan Selahattin Polat ise, &#8220;Hocam\u0131z\u0131n geli\u015fiyle yeniden motivasyon olu\u015fmaya ba\u015flad\u0131. Futbolcular\u0131m\u0131z farkl\u0131 bir enerji yakalad\u0131. Biz hocam\u0131zla beraber bu ligde kalaca\u011f\u0131m\u0131za inan\u0131yoruz. Her \u015fey sahada bitmi\u015f olsayd\u0131 biz bug\u00fcn ligde \u00fcst s\u0131ralardayd\u0131k. Kimseyi su\u00e7lam\u0131yoruz, biz m\u00fccadelemize devam edece\u011fiz futbolcular\u0131m\u0131za g\u00fcveniyoruz. Adalet varsa kal\u0131r\u0131z&#8221; diye konu\u015ftu.<br \/>\n<br \/>Y\u00f6netim Kurulu \u00dcyesi A\u015fk\u0131n Demir de ligde kalacaklar\u0131na inand\u0131\u011f\u0131n\u0131 dile getirerek, &#8220;Hocam geldi\u011fi g\u00fcnden beri g\u00fczel kayna\u015fma oldu. Olay sadece puan de\u011fil, baz\u0131 ho\u015f olmayan \u015feyler ya\u015fad\u0131k. Oynad\u0131\u011f\u0131m\u0131z ma\u00e7larda hak etmedi\u011fimiz \u015feyler ya\u015fad\u0131k. Biz bize yak\u0131\u015fan\u0131 yapaca\u011f\u0131z ve yolumuza devam edece\u011fiz. Her \u015feyden \u00f6nce inan\u0131yoruz&#8221; c\u00fcmlelerine yer verdi.<br \/><\/p>\n","protected":false},"excerpt":{"rendered":"<p>Bodrum FK Teknik Direkt\u00f6r\u00fc Jose Morais, Kayserispor ma\u00e7\u0131ndan galibiyetle ayr\u0131larak ligde kalma umutlar\u0131n\u0131 son haftaya ta\u015f\u0131mak istediklerini s\u00f6yledi. Trendyol S\u00fcper Lig\u2019in 37. haftas\u0131nda Bodrum FK, 25 May\u0131s Pazar g\u00fcn\u00fc saat 19.00\u2019da deplasmanda Kayserispor ile kar\u015f\u0131la\u015facak. Teknik Direkt\u00f6r Jose Morais y\u00f6netimindeki ye\u015fil-beyazl\u0131lar, haz\u0131rl\u0131klar\u0131n\u0131 Bodrum Stadyumu\u2019nda s\u00fcrd\u00fcrd\u00fc. \u00d6te yandan Sipay Bodrum FK Asba\u015fkan\u0131 Selahattin Polat ve Y\u00f6netim&#8230;<\/p>\n","protected":false},"author":1,"featured_media":30910,"comment_status":"open","ping_status":"open","sticky":false,"template":"","format":"standard","meta":{"_crdt_document":"","footnotes":""},"categories":[4],"tags":[],"class_list":["post-30909","post","type-post","status-publish","format-standard","has-post-thumbnail","hentry","category-spor"],"_links":{"self":[{"href":"https:\/\/www.egemtv.com\/index.php?rest_route=\/wp\/v2\/posts\/30909","targetHints":{"allow":["GET"]}}],"collection":[{"href":"https:\/\/www.egemtv.com\/index.php?rest_route=\/wp\/v2\/posts"}],"about":[{"href":"https:\/\/www.egemtv.com\/index.php?rest_route=\/wp\/v2\/types\/post"}],"author":[{"embeddable":true,"href":"https:\/\/www.egemtv.com\/index.php?rest_route=\/wp\/v2\/users\/1"}],"replies":[{"embeddable":true,"href":"https:\/\/www.egemtv.com\/index.php?rest_route=%2Fwp%2Fv2%2Fcomments&post=30909"}],"version-history":[{"count":1,"href":"https:\/\/www.egemtv.com\/index.php?rest_route=\/wp\/v2\/posts\/30909\/revisions"}],"predecessor-version":[{"id":30911,"href":"https:\/\/www.egemtv.com\/index.php?rest_route=\/wp\/v2\/posts\/30909\/revisions\/30911"}],"wp:featuredmedia":[{"embeddable":true,"href":"https:\/\/www.egemtv.com\/index.php?rest_route=\/wp\/v2\/media\/30910"}],"wp:attachment":[{"href":"https:\/\/www.egemtv.com\/index.php?rest_route=%2Fwp%2Fv2%2Fmedia&parent=30909"}],"wp:term":[{"taxonomy":"category","embeddable":true,"href":"https:\/\/www.egemtv.com\/index.php?rest_route=%2Fwp%2Fv2%2Fcategories&post=30909"},{"taxonomy":"post_tag","embeddable":true,"href":"https:\/\/www.egemtv.com\/index.php?rest_route=%2Fwp%2Fv2%2Ftags&post=30909"}],"curies":[{"name":"wp","href":"https:\/\/api.w.org\/{rel}","templated":true}]}}