{"id":30906,"date":"2025-05-23T15:16:31","date_gmt":"2025-05-23T12:16:31","guid":{"rendered":"https:\/\/www.egemtv.com\/?p=30906"},"modified":"2025-05-23T15:16:35","modified_gmt":"2025-05-23T12:16:35","slug":"universiteli-staj-ogrencileri-ilkokula-drama-sinifi-kazandirdi","status":"publish","type":"post","link":"https:\/\/www.egemtv.com\/?p=30906","title":{"rendered":"\u00dcniversiteli staj \u00f6\u011frencileri ilkokula drama s\u0131n\u0131f\u0131 kazand\u0131rd\u0131"},"content":{"rendered":"<p>Manisa Denetimli Serbestlik M\u00fcd\u00fcrl\u00fc\u011f\u00fc\u2019nde staj \u00e7al\u0131\u015fmalar\u0131n\u0131 ger\u00e7ekle\u015ftiren Manisa Celal Bayar \u00dcniversitesi (MCB\u00dc) \u00f6\u011frencileri, hay\u0131rseverlerin de deste\u011fiyle T\u00fcrk Hava Kurumu \u0130lkokulu\u2019nda drama s\u0131n\u0131f\u0131 kurdu.<br \/>\n<br \/>Manisa Denetimli Serbestlik M\u00fcd\u00fcrl\u00fc\u011f\u00fc\u2019nde staj \u00e7al\u0131\u015fmalar\u0131n\u0131 ger\u00e7ekle\u015ftiren Manisa CB\u00dc \u00f6\u011frencilerinin \u00e7al\u0131\u015fmalar\u0131yla kamu kurumlar\u0131 ve hay\u0131rsever Manisal\u0131lar bir araya gelerek Yunusemre il\u00e7esinde bulunan T\u00fcrk Hava Kurumu \u0130lkokulu\u2019nda drama s\u0131n\u0131f\u0131 kurdu. Manisa Denetimli Serbestlik M\u00fcd\u00fcrl\u00fc\u011f\u00fc\u2019n\u00fcn kamuya yararl\u0131 bir i\u015fte \u00e7al\u0131\u015fma y\u00fck\u00fcml\u00fcl\u00fc\u011f\u00fc kapsam\u0131nda kaba in\u015faat \u00e7al\u0131\u015fmalar\u0131n\u0131 tamamlad\u0131\u011f\u0131 Bizim S\u0131n\u0131f, Manisa G\u00fczel Sanatlar Lisesi \u00f6\u011fretmen ve \u00f6\u011frencilerinin el eme\u011fi ile renklendirildi. Hay\u0131rsever Manisal\u0131lar\u0131n katk\u0131lar\u0131yla tefri\u015fat\u0131 tamamlanan s\u0131n\u0131f\u0131n olu\u015fturulmas\u0131nda kurumlar aras\u0131nda y\u00fcr\u00fct\u00fclen t\u00fcm s\u00fcre\u00e7ler Denetimli Serbestlik\u2019te stajlar\u0131n\u0131 ger\u00e7ekle\u015ftiren \u00fcniversite \u00f6\u011frencileri taraf\u0131ndan koordine edildi.<br \/>\n<br \/>Kurulan drama s\u0131n\u0131f\u0131 d\u00fczenlenen t\u00f6renle a\u00e7\u0131ld\u0131. T\u00f6rende halk oyunlar\u0131 g\u00f6sterisi sergileyen minik \u00f6\u011frenciler protokolden alk\u0131\u015f toplad\u0131. \u00d6te yandan \u00f6\u011frenciler taraf\u0131ndan sunulan mini piyano konseri ilgiyle dinlendi.<br \/>\n<br \/>A\u00e7\u0131l\u0131\u015f t\u00f6reninde konu\u015fan AK Parti MKYK \u00dcyesi ve Manisa Milletvekili M\u00fccahit Ar\u0131n\u00e7, projeyi takdir etti\u011fini belirterek hayata ge\u00e7irilmesinde eme\u011fi olan \u00f6\u011frenciler ba\u015fta olmak \u00fczere hay\u0131rsever ve kurumlar\u0131 tebrik etti.<br \/>\n<br \/>A\u00e7\u0131l\u0131\u015f kurdelesinin kesilmesinin ard\u0131ndan protokol \u00fcyeleri ve \u00f6\u011fretmenler haz\u0131rlanan g\u00f6steriyi izledi.<br \/>\n<br \/>A\u00e7\u0131l\u0131\u015f t\u00f6renine AK Parti MKYK \u00dcyesi ve Manisa Milletvekili M\u00fccahit Ar\u0131n\u00e7, Manisa Cumhuriyet Ba\u015fsavc\u0131s\u0131 Kurtca Eker, Denetimli Serbestlik M\u00fcd\u00fcr\u00fc Cenk Arslan, Memur Sen Manisa \u0130l Temsilcisi ve E\u011fitim Bir Sen Manisa 1 Nolu \u015eube Ba\u015fkan\u0131 Ahmet Yasav, T\u00fcrk Hava Kurumu \u0130lkokulu M\u00fcd\u00fcr\u00fc \u00d6zcan \u00d6zdemir, \u00f6\u011fretmenler ve \u00f6\u011frenciler kat\u0131ld\u0131.<br \/><\/p>\n","protected":false},"excerpt":{"rendered":"<p>Manisa Denetimli Serbestlik M\u00fcd\u00fcrl\u00fc\u011f\u00fc\u2019nde staj \u00e7al\u0131\u015fmalar\u0131n\u0131 ger\u00e7ekle\u015ftiren Manisa Celal Bayar \u00dcniversitesi (MCB\u00dc) \u00f6\u011frencileri, hay\u0131rseverlerin de deste\u011fiyle T\u00fcrk Hava Kurumu \u0130lkokulu\u2019nda drama s\u0131n\u0131f\u0131 kurdu. Manisa Denetimli Serbestlik M\u00fcd\u00fcrl\u00fc\u011f\u00fc\u2019nde staj \u00e7al\u0131\u015fmalar\u0131n\u0131 ger\u00e7ekle\u015ftiren Manisa CB\u00dc \u00f6\u011frencilerinin \u00e7al\u0131\u015fmalar\u0131yla kamu kurumlar\u0131 ve hay\u0131rsever Manisal\u0131lar bir araya gelerek Yunusemre il\u00e7esinde bulunan T\u00fcrk Hava Kurumu \u0130lkokulu\u2019nda drama s\u0131n\u0131f\u0131 kurdu. Manisa Denetimli Serbestlik&#8230;<\/p>\n","protected":false},"author":1,"featured_media":30907,"comment_status":"open","ping_status":"open","sticky":false,"template":"","format":"standard","meta":{"_crdt_document":"","footnotes":""},"categories":[1],"tags":[],"class_list":["post-30906","post","type-post","status-publish","format-standard","has-post-thumbnail","hentry","category-guncel"],"_links":{"self":[{"href":"https:\/\/www.egemtv.com\/index.php?rest_route=\/wp\/v2\/posts\/30906","targetHints":{"allow":["GET"]}}],"collection":[{"href":"https:\/\/www.egemtv.com\/index.php?rest_route=\/wp\/v2\/posts"}],"about":[{"href":"https:\/\/www.egemtv.com\/index.php?rest_route=\/wp\/v2\/types\/post"}],"author":[{"embeddable":true,"href":"https:\/\/www.egemtv.com\/index.php?rest_route=\/wp\/v2\/users\/1"}],"replies":[{"embeddable":true,"href":"https:\/\/www.egemtv.com\/index.php?rest_route=%2Fwp%2Fv2%2Fcomments&post=30906"}],"version-history":[{"count":1,"href":"https:\/\/www.egemtv.com\/index.php?rest_route=\/wp\/v2\/posts\/30906\/revisions"}],"predecessor-version":[{"id":30908,"href":"https:\/\/www.egemtv.com\/index.php?rest_route=\/wp\/v2\/posts\/30906\/revisions\/30908"}],"wp:featuredmedia":[{"embeddable":true,"href":"https:\/\/www.egemtv.com\/index.php?rest_route=\/wp\/v2\/media\/30907"}],"wp:attachment":[{"href":"https:\/\/www.egemtv.com\/index.php?rest_route=%2Fwp%2Fv2%2Fmedia&parent=30906"}],"wp:term":[{"taxonomy":"category","embeddable":true,"href":"https:\/\/www.egemtv.com\/index.php?rest_route=%2Fwp%2Fv2%2Fcategories&post=30906"},{"taxonomy":"post_tag","embeddable":true,"href":"https:\/\/www.egemtv.com\/index.php?rest_route=%2Fwp%2Fv2%2Ftags&post=30906"}],"curies":[{"name":"wp","href":"https:\/\/api.w.org\/{rel}","templated":true}]}}