{"id":30903,"date":"2025-05-23T15:16:25","date_gmt":"2025-05-23T12:16:25","guid":{"rendered":"https:\/\/www.egemtv.com\/?p=30903"},"modified":"2025-05-23T15:16:31","modified_gmt":"2025-05-23T12:16:31","slug":"imalatci-kobilere-30-milyar-tllik-yeni-destek-paketi","status":"publish","type":"post","link":"https:\/\/www.egemtv.com\/?p=30903","title":{"rendered":"\u0130malat\u00e7\u0131 KOB\u0130\u2019lere 30 milyar TL\u2019lik yeni destek paketi"},"content":{"rendered":"<p>DEN\u0130B Ba\u015fkan\u0131 H\u00fcseyin Memi\u015fo\u011flu, &#8220;Hazine ve Maliye Bakanl\u0131\u011f\u0131m\u0131z taraf\u0131ndan a\u00e7\u0131klanan ve Kredi Garanti Fonu kefaletiyle sa\u011flanacak toplam 30 milyar TL\u2019lik yeni destek paketini, Denizli ihracat camiam\u0131z ad\u0131na b\u00fcy\u00fck bir memnuniyetle kar\u015f\u0131l\u0131yoruz&#8221; dedi.<\/p>\n<p>Bakanl\u0131k taraf\u0131ndan a\u00e7\u0131klanan yeni destek paketini de\u011ferlendiren Memi\u015fo\u011flu, &#8220;Bu paket, \u00f6zellikle imalat sekt\u00f6r\u00fcnde faaliyet g\u00f6steren k\u00fc\u00e7\u00fck ve orta \u00f6l\u00e7ekli i\u015fletmelerimiz ve ihracat\u00e7\u0131lar\u0131m\u0131z i\u00e7in adeta tam zaman\u0131nda gelen bir can suyu niteli\u011fi ta\u015f\u0131yor. Son d\u00f6nemde k\u00fcresel piyasalardaki belirsizlikler, finansmana eri\u015fimde ya\u015fanan zorluklar ve yat\u0131r\u0131m i\u015ftah\u0131n\u0131 s\u0131n\u0131rlayan faiz \u015fartlar\u0131 alt\u0131nda bu destek paketi, moral ve motivasyon a\u00e7\u0131s\u0131ndan da g\u00fc\u00e7l\u00fc bir kaynak olarak kar\u015f\u0131m\u0131za \u00e7\u0131kt\u0131. Toplam 30 milyar TL kredi hacminden olu\u015fan paketin 17,5 milyar TL\u2019si i\u015fletme, 7,5 milyar TL\u2019si ise yat\u0131r\u0131m harcamalar\u0131na ayr\u0131ld\u0131. Kefalet oran\u0131n\u0131n y\u00fczde 85 oldu\u011fu destek paketinde i\u015fletme harcamalar\u0131 i\u00e7in 15 milyon TL, yat\u0131r\u0131m harcamalar\u0131 i\u00e7in ise 30 milyon TL \u00fcst limit belirlendi. Yak\u0131n zamanda y\u00fcr\u00fcrl\u00fc\u011fe girece\u011fi belirtilen bu destek paketinin, i\u015fletmelere \u00f6nlerini g\u00f6rme, planlama yapma ve yat\u0131r\u0131m\u0131 s\u00fcrd\u00fcrme cesareti verece\u011fini d\u00fc\u015f\u00fcn\u00fcyorum&#8221; diye konu\u015ftu.<\/p>\n<p>&#8220;Bu paket reel sekt\u00f6re verilen stratejik bir destek mesaj\u0131 niteli\u011finde&#8221; diyen Memi\u015fo\u011flu, \u015funlar\u0131 kaydetti:<br \/>\n<br \/>&#8220;Enflasyonla m\u00fccadele s\u00fcreci devam ederken, \u00fcretim ve sanayinin desteklenmesine y\u00f6nelik at\u0131lan bu ad\u0131m\u0131 son derece olumlu buluyoruz. Kredi Garanti Fonu arac\u0131l\u0131\u011f\u0131yla sa\u011flanacak uygun \u015fartlar\u0131 finansman imkan\u0131, artan kredi maliyetlerinin bask\u0131s\u0131 alt\u0131nda olan firmalar\u0131m\u0131z i\u00e7in adeta bir rahatlama sa\u011flayacak.<br \/>\n<br \/>Rekabet\u00e7ili\u011fi art\u0131racak ve ihracat\u00e7\u0131m\u0131za nefes ald\u0131racak yeni politikalar\u0131n da devam edece\u011fini umut ediyoruz. Ba\u015fta Say\u0131n Hazine ve Maliye Bakan\u0131m\u0131za ve eme\u011fi ge\u00e7en t\u00fcm kurumlar\u0131m\u0131za te\u015fekk\u00fcr ediyor; bu kayna\u011f\u0131n \u00fclkemiz ekonomisi, istihdam\u0131 ve ihracat\u0131 i\u00e7in hay\u0131rl\u0131 olmas\u0131n\u0131 diliyorum&#8221;<br \/><\/p>\n","protected":false},"excerpt":{"rendered":"<p>DEN\u0130B Ba\u015fkan\u0131 H\u00fcseyin Memi\u015fo\u011flu, &#8220;Hazine ve Maliye Bakanl\u0131\u011f\u0131m\u0131z taraf\u0131ndan a\u00e7\u0131klanan ve Kredi Garanti Fonu kefaletiyle sa\u011flanacak toplam 30 milyar TL\u2019lik yeni destek paketini, Denizli ihracat camiam\u0131z ad\u0131na b\u00fcy\u00fck bir memnuniyetle kar\u015f\u0131l\u0131yoruz&#8221; dedi. Bakanl\u0131k taraf\u0131ndan a\u00e7\u0131klanan yeni destek paketini de\u011ferlendiren Memi\u015fo\u011flu, &#8220;Bu paket, \u00f6zellikle imalat sekt\u00f6r\u00fcnde faaliyet g\u00f6steren k\u00fc\u00e7\u00fck ve orta \u00f6l\u00e7ekli i\u015fletmelerimiz ve ihracat\u00e7\u0131lar\u0131m\u0131z i\u00e7in&#8230;<\/p>\n","protected":false},"author":1,"featured_media":30904,"comment_status":"open","ping_status":"open","sticky":false,"template":"","format":"standard","meta":{"_crdt_document":"","footnotes":""},"categories":[125],"tags":[],"class_list":["post-30903","post","type-post","status-publish","format-standard","has-post-thumbnail","hentry","category-ekonomi"],"_links":{"self":[{"href":"https:\/\/www.egemtv.com\/index.php?rest_route=\/wp\/v2\/posts\/30903","targetHints":{"allow":["GET"]}}],"collection":[{"href":"https:\/\/www.egemtv.com\/index.php?rest_route=\/wp\/v2\/posts"}],"about":[{"href":"https:\/\/www.egemtv.com\/index.php?rest_route=\/wp\/v2\/types\/post"}],"author":[{"embeddable":true,"href":"https:\/\/www.egemtv.com\/index.php?rest_route=\/wp\/v2\/users\/1"}],"replies":[{"embeddable":true,"href":"https:\/\/www.egemtv.com\/index.php?rest_route=%2Fwp%2Fv2%2Fcomments&post=30903"}],"version-history":[{"count":1,"href":"https:\/\/www.egemtv.com\/index.php?rest_route=\/wp\/v2\/posts\/30903\/revisions"}],"predecessor-version":[{"id":30905,"href":"https:\/\/www.egemtv.com\/index.php?rest_route=\/wp\/v2\/posts\/30903\/revisions\/30905"}],"wp:featuredmedia":[{"embeddable":true,"href":"https:\/\/www.egemtv.com\/index.php?rest_route=\/wp\/v2\/media\/30904"}],"wp:attachment":[{"href":"https:\/\/www.egemtv.com\/index.php?rest_route=%2Fwp%2Fv2%2Fmedia&parent=30903"}],"wp:term":[{"taxonomy":"category","embeddable":true,"href":"https:\/\/www.egemtv.com\/index.php?rest_route=%2Fwp%2Fv2%2Fcategories&post=30903"},{"taxonomy":"post_tag","embeddable":true,"href":"https:\/\/www.egemtv.com\/index.php?rest_route=%2Fwp%2Fv2%2Ftags&post=30903"}],"curies":[{"name":"wp","href":"https:\/\/api.w.org\/{rel}","templated":true}]}}