{"id":30900,"date":"2025-05-23T14:58:12","date_gmt":"2025-05-23T11:58:12","guid":{"rendered":"https:\/\/www.egemtv.com\/?p=30900"},"modified":"2025-05-23T14:58:16","modified_gmt":"2025-05-23T11:58:16","slug":"emette-cati-yangini","status":"publish","type":"post","link":"https:\/\/www.egemtv.com\/?p=30900","title":{"rendered":"Emet\u2019te \u00e7at\u0131 yang\u0131n\u0131"},"content":{"rendered":"<p>K\u00fctahya\u2019n\u0131n Emet il\u00e7esinde bir evin \u00e7at\u0131s\u0131nda \u00e7\u0131kan yang\u0131n itfaiye ekiplerince k\u0131sa s\u00fcrede s\u00f6nd\u00fcr\u00fcld\u00fc.<br \/>\n<br \/>Edinilen bilgiye g\u00f6re, Kaynarca Mahallesinde Mehmet \u015eeng\u00fcl\u2019e ait 4 katl\u0131 binan\u0131n \u00e7at\u0131 kat\u0131nda elektrik konta\u011f\u0131na ba\u011fl\u0131 yang\u0131n \u00e7\u0131kt\u0131. \u0130hbar \u00fczerine olay yerine k\u0131sa s\u00fcrede gelen Emet Belediyesi itfaiyesi ekipleri yang\u0131na m\u00fcdahale ederek eve s\u0131\u00e7ramas\u0131n\u0131 \u00f6nledi.<br \/>\n<br \/>Yang\u0131nda evin \u00e7at\u0131s\u0131nda hasar olu\u015ftu.<br \/><\/p>\n","protected":false},"excerpt":{"rendered":"<p>K\u00fctahya\u2019n\u0131n Emet il\u00e7esinde bir evin \u00e7at\u0131s\u0131nda \u00e7\u0131kan yang\u0131n itfaiye ekiplerince k\u0131sa s\u00fcrede s\u00f6nd\u00fcr\u00fcld\u00fc. Edinilen bilgiye g\u00f6re, Kaynarca Mahallesinde Mehmet \u015eeng\u00fcl\u2019e ait 4 katl\u0131 binan\u0131n \u00e7at\u0131 kat\u0131nda elektrik konta\u011f\u0131na ba\u011fl\u0131 yang\u0131n \u00e7\u0131kt\u0131. \u0130hbar \u00fczerine olay yerine k\u0131sa s\u00fcrede gelen Emet Belediyesi itfaiyesi ekipleri yang\u0131na m\u00fcdahale ederek eve s\u0131\u00e7ramas\u0131n\u0131 \u00f6nledi. Yang\u0131nda evin \u00e7at\u0131s\u0131nda hasar olu\u015ftu.<\/p>\n","protected":false},"author":1,"featured_media":30901,"comment_status":"open","ping_status":"open","sticky":false,"template":"","format":"standard","meta":{"_crdt_document":"","footnotes":""},"categories":[5],"tags":[],"class_list":["post-30900","post","type-post","status-publish","format-standard","has-post-thumbnail","hentry","category-asayis"],"_links":{"self":[{"href":"https:\/\/www.egemtv.com\/index.php?rest_route=\/wp\/v2\/posts\/30900","targetHints":{"allow":["GET"]}}],"collection":[{"href":"https:\/\/www.egemtv.com\/index.php?rest_route=\/wp\/v2\/posts"}],"about":[{"href":"https:\/\/www.egemtv.com\/index.php?rest_route=\/wp\/v2\/types\/post"}],"author":[{"embeddable":true,"href":"https:\/\/www.egemtv.com\/index.php?rest_route=\/wp\/v2\/users\/1"}],"replies":[{"embeddable":true,"href":"https:\/\/www.egemtv.com\/index.php?rest_route=%2Fwp%2Fv2%2Fcomments&post=30900"}],"version-history":[{"count":1,"href":"https:\/\/www.egemtv.com\/index.php?rest_route=\/wp\/v2\/posts\/30900\/revisions"}],"predecessor-version":[{"id":30902,"href":"https:\/\/www.egemtv.com\/index.php?rest_route=\/wp\/v2\/posts\/30900\/revisions\/30902"}],"wp:featuredmedia":[{"embeddable":true,"href":"https:\/\/www.egemtv.com\/index.php?rest_route=\/wp\/v2\/media\/30901"}],"wp:attachment":[{"href":"https:\/\/www.egemtv.com\/index.php?rest_route=%2Fwp%2Fv2%2Fmedia&parent=30900"}],"wp:term":[{"taxonomy":"category","embeddable":true,"href":"https:\/\/www.egemtv.com\/index.php?rest_route=%2Fwp%2Fv2%2Fcategories&post=30900"},{"taxonomy":"post_tag","embeddable":true,"href":"https:\/\/www.egemtv.com\/index.php?rest_route=%2Fwp%2Fv2%2Ftags&post=30900"}],"curies":[{"name":"wp","href":"https:\/\/api.w.org\/{rel}","templated":true}]}}