{"id":30897,"date":"2025-05-23T14:58:08","date_gmt":"2025-05-23T11:58:08","guid":{"rendered":"https:\/\/www.egemtv.com\/?p=30897"},"modified":"2025-05-23T14:58:12","modified_gmt":"2025-05-23T11:58:12","slug":"lise-onunde-ogretmen-ve-kurye-kavgasi","status":"publish","type":"post","link":"https:\/\/www.egemtv.com\/?p=30897","title":{"rendered":"Lise \u00f6n\u00fcnde \u00f6\u011fretmen ve kurye kavgas\u0131"},"content":{"rendered":"<p>Ayd\u0131n\u2019\u0131n Efeler il\u00e7esinde \u00f6\u011fle aras\u0131nda bir liseye paket servis getiren kurye ile o esnada okuldan arac\u0131yla \u00e7\u0131kmaya \u00e7al\u0131\u015fan \u00f6\u011fretmen aras\u0131nda yol verme kavgas\u0131 \u00e7\u0131kt\u0131. K\u0131sa s\u00fcrede b\u00fcy\u00fcyen olayda 1 ki\u015fi g\u00f6zalt\u0131na al\u0131n\u0131rken, okul m\u00fcd\u00fcr\u00fc oldu\u011funu iddia eden bir ki\u015fi ise \u00f6\u011frencileri olay yerinden uzakla\u015ft\u0131rmak yerine bas\u0131n mensuplar\u0131yla u\u011fra\u015ft\u0131.<br \/>\n<br \/>Olay, Efeler il\u00e7esi Hasanefendi Mahallesi K\u00fclt\u00fcr Caddesi \u00fczerinde meydana geldi. Edinilen bilgiye g\u00f6re \u00f6\u011fle aras\u0131nda \u00f6\u011frencilerin sipari\u015flerini okula getiren bir kurye ile o esnada okuldan arac\u0131yla \u00e7\u0131kmak isteyen \u00f6\u011fretmen aras\u0131nda yol verme kavgas\u0131 \u00e7\u0131kt\u0131. \u0130ddiaya g\u00f6re uzun s\u00fcre korna basan ve \u00fczerine y\u00fcr\u00fcyen \u00f6\u011fretmene sinirlenen kurye, tart\u0131\u015fmaya ba\u015flad\u0131\u011f\u0131 \u00f6\u011fretmene yumruk att\u0131. K\u0131sa s\u00fcrede b\u00fcy\u00fcyen tart\u0131\u015fma, kavgaya d\u00f6nerken \u00e7evredeki \u00f6\u011fretmenler ile kuryeler olaya m\u00fcdahale etti. \u0130hbar \u00fczerine b\u00f6lgeye \u00e7ok say\u0131da polis ekibi sevk edildi. K\u0131sa s\u00fcrede olay yerine gelen ekipler, taraflar\u0131 ay\u0131r\u0131rken, kurye g\u00f6zalt\u0131na al\u0131nd\u0131.<br \/>\n<br \/>O esnada \u00f6\u011fretmen ve polis ekipleri okul \u00f6n\u00fcnde olu\u015fan kalabal\u0131\u011f\u0131 da\u011f\u0131tmaya \u00e7al\u0131\u015f\u0131rken, kendisinin okul m\u00fcd\u00fcr\u00fc oldu\u011funu iddia eden bir \u015fah\u0131s ise okul \u00f6n\u00fcndeki \u00f6\u011frencileri da\u011f\u0131tmak yerine g\u00f6r\u00fcnt\u00fc almaya \u00e7al\u0131\u015fan bas\u0131n mensuplar\u0131n\u0131n g\u00f6r\u00fcnt\u00fc almas\u0131n\u0131 engellemeye \u00e7al\u0131\u015ft\u0131. Olayla ilgili inceleme s\u00fcr\u00fcyor.<br \/><\/p>\n","protected":false},"excerpt":{"rendered":"<p>Ayd\u0131n\u2019\u0131n Efeler il\u00e7esinde \u00f6\u011fle aras\u0131nda bir liseye paket servis getiren kurye ile o esnada okuldan arac\u0131yla \u00e7\u0131kmaya \u00e7al\u0131\u015fan \u00f6\u011fretmen aras\u0131nda yol verme kavgas\u0131 \u00e7\u0131kt\u0131. K\u0131sa s\u00fcrede b\u00fcy\u00fcyen olayda 1 ki\u015fi g\u00f6zalt\u0131na al\u0131n\u0131rken, okul m\u00fcd\u00fcr\u00fc oldu\u011funu iddia eden bir ki\u015fi ise \u00f6\u011frencileri olay yerinden uzakla\u015ft\u0131rmak yerine bas\u0131n mensuplar\u0131yla u\u011fra\u015ft\u0131. Olay, Efeler il\u00e7esi Hasanefendi Mahallesi K\u00fclt\u00fcr Caddesi&#8230;<\/p>\n","protected":false},"author":1,"featured_media":30898,"comment_status":"open","ping_status":"open","sticky":false,"template":"","format":"standard","meta":{"_crdt_document":"","footnotes":""},"categories":[5],"tags":[],"class_list":["post-30897","post","type-post","status-publish","format-standard","has-post-thumbnail","hentry","category-asayis"],"_links":{"self":[{"href":"https:\/\/www.egemtv.com\/index.php?rest_route=\/wp\/v2\/posts\/30897","targetHints":{"allow":["GET"]}}],"collection":[{"href":"https:\/\/www.egemtv.com\/index.php?rest_route=\/wp\/v2\/posts"}],"about":[{"href":"https:\/\/www.egemtv.com\/index.php?rest_route=\/wp\/v2\/types\/post"}],"author":[{"embeddable":true,"href":"https:\/\/www.egemtv.com\/index.php?rest_route=\/wp\/v2\/users\/1"}],"replies":[{"embeddable":true,"href":"https:\/\/www.egemtv.com\/index.php?rest_route=%2Fwp%2Fv2%2Fcomments&post=30897"}],"version-history":[{"count":1,"href":"https:\/\/www.egemtv.com\/index.php?rest_route=\/wp\/v2\/posts\/30897\/revisions"}],"predecessor-version":[{"id":30899,"href":"https:\/\/www.egemtv.com\/index.php?rest_route=\/wp\/v2\/posts\/30897\/revisions\/30899"}],"wp:featuredmedia":[{"embeddable":true,"href":"https:\/\/www.egemtv.com\/index.php?rest_route=\/wp\/v2\/media\/30898"}],"wp:attachment":[{"href":"https:\/\/www.egemtv.com\/index.php?rest_route=%2Fwp%2Fv2%2Fmedia&parent=30897"}],"wp:term":[{"taxonomy":"category","embeddable":true,"href":"https:\/\/www.egemtv.com\/index.php?rest_route=%2Fwp%2Fv2%2Fcategories&post=30897"},{"taxonomy":"post_tag","embeddable":true,"href":"https:\/\/www.egemtv.com\/index.php?rest_route=%2Fwp%2Fv2%2Ftags&post=30897"}],"curies":[{"name":"wp","href":"https:\/\/api.w.org\/{rel}","templated":true}]}}