{"id":30894,"date":"2025-05-23T14:58:02","date_gmt":"2025-05-23T11:58:02","guid":{"rendered":"https:\/\/www.egemtv.com\/?p=30894"},"modified":"2025-05-23T14:58:08","modified_gmt":"2025-05-23T11:58:08","slug":"ak-partili-yasadidan-gaziemir-belediye-baskani-isika-sert-sozler","status":"publish","type":"post","link":"https:\/\/www.egemtv.com\/?p=30894","title":{"rendered":"AK Partili Ya\u015fad\u0131\u2019dan Gaziemir Belediye Ba\u015fkan\u0131 I\u015f\u0131k\u2019a sert s\u00f6zler"},"content":{"rendered":"<p>AK Parti Gaziemir \u0130l\u00e7e Ba\u015fkan\u0131 \u0130smail Ya\u015fad\u0131, Gaziemir Belediyesi\u2019nde ya\u015fanan akrabal\u0131k ili\u015fkileri ve i\u015fe al\u0131mlar \u00fczerinden Belediye Ba\u015fkan\u0131 \u00dcnal I\u015f\u0131k\u2019a sert s\u00f6zlerle y\u00fcklendi. Belediye i\u00e7indeki akrabal\u0131k ili\u015fkilerinin hizmetin \u00f6n\u00fcne ge\u00e7ti\u011fi ele\u015ftirisini yapan Ya\u015fad\u0131, &#8220;Bu d\u00f6nemin en \u00e7arp\u0131c\u0131 \u00f6zelli\u011fi, belediye i\u00e7indeki akrabal\u0131k ili\u015fkilerinin hizmetin \u00f6n\u00fcne ge\u00e7mesidir. Gaziemir halk\u0131 size, makamlar\u0131 e\u015fe-dosta pay edesiniz diye oy vermedi. Gaziemir\u2019in kaybedecek bir g\u00fcn\u00fc daha yok&#8221; ifadeleriyle tepkisini dile getirdi.<\/p>\n<p>Gaziemir Belediyesi\u2019ndeki e\u015f dost tart\u0131\u015fmalar\u0131 b\u00fcy\u00fcyor. Gaziemir Belediye\u2019sinin akraba ili\u015fkileri ile y\u00f6netilmeye \u00e7al\u0131\u015f\u0131ld\u0131\u011f\u0131n\u0131, Belediye Ba\u015fkan\u0131 I\u015f\u0131k\u2019\u0131n g\u00f6reve geldi\u011fi g\u00fcnden bu yana elle tutulur bir hizmet \u00fcretemedi\u011fini vurgulayan AK Parti Gaziemir \u0130l\u00e7e Ba\u015fkan\u0131 \u0130smail Ya\u015fad\u0131, yapt\u0131\u011f\u0131 yaz\u0131l\u0131 bir a\u00e7\u0131klamayla Belediye Ba\u015fkan\u0131 \u00dcnal I\u015f\u0131k\u2019a sert s\u00f6zlerle y\u00fcklendi. Ba\u015fkan Ya\u015fad\u0131\u2019n\u0131n a\u00e7\u0131klamalar\u0131 \u015fu \u015fekilde, &#8220;Gaziemir halk\u0131 hizmet beklerken, belediye i\u00e7eriden \u00e7\u00f6k\u00fcyor! G\u00f6reve geleli 1 y\u0131l 2 ay olan Gaziemir Belediye Ba\u015fkan\u0131 Say\u0131n \u00dcnal I\u015f\u0131k, bu s\u00fcrenin neredeyse tamam\u0131n\u0131 ya bahane \u00fcretmekle ya da sorumluluktan ka\u00e7makla ge\u00e7irmi\u015ftir. Gaziemirli hem\u015fehrilerimiz, oylar\u0131yla hizmet beklerken; kar\u015f\u0131la\u015ft\u0131klar\u0131 tablo, bo\u015f ge\u00e7en g\u00fcnler, unutulan vaatler ve derinle\u015fen bir y\u00f6netim krizi olmu\u015ftur. Bu d\u00f6nemin en \u00e7arp\u0131c\u0131 \u00f6zelli\u011fi ise, belediye i\u00e7indeki akrabal\u0131k ili\u015fkilerinin hizmetin \u00f6n\u00fcne ge\u00e7mesidir. Belediye y\u00f6netiminden s\u0131zan bilgiler, \u00f6nce kulaktan kula\u011fa yay\u0131ld\u0131, sonra bas\u0131na yans\u0131d\u0131, en sonunda ise kamu vicdan\u0131n\u0131 derinden yaralayan bir tabloyu g\u00f6zler \u00f6n\u00fcne serdi: Gaziemir Belediyesi\u2019nde liyakat de\u011fil, akrabal\u0131k ili\u015fkileri s\u00f6z sahibi olmu\u015f, makamlar ehline de\u011fil, yak\u0131na teslim edilmi\u015ftir.&#8221;<\/p>\n<p>&#8220;Ba\u015fkan I\u015f\u0131k, belediyeyi y\u00f6netmek yerine \u00e7evresini idare etmeyi tercih etmi\u015ftir&#8221;<br \/>\n<br \/>AK Parti olarak s\u00fcreci yak\u0131ndan takip ettiklerini belirten Ba\u015fkan Ya\u015fad\u0131, Belediye Ba\u015fkan\u0131 \u00dcnal I\u015f\u0131k\u2019a seslenerek, &#8220;Ortaya \u00e7\u0131kan kaos, yaln\u0131zca bir beceriksizlik \u00f6rne\u011fi de\u011fil, ayn\u0131 zamanda halk\u0131n iradesine yap\u0131lan b\u00fcy\u00fck bir sayg\u0131s\u0131zl\u0131kt\u0131r. G\u00f6r\u00fcnen o ki, Gaziemir\u2019in oylar\u0131yla Ba\u015fkanl\u0131k koltu\u011funa oturan Say\u0131n I\u015f\u0131k, belediyeyi y\u00f6netmek yerine \u00e7evresini idare etmeyi tercih etmi\u015ftir. Belediyenin enerjisi, hizmete de\u011fil i\u00e7 \u00e7eki\u015fmelere harcanmakta, Gaziemirli her ge\u00e7en g\u00fcn kaybetmektedir. Buradan Say\u0131n \u00dcnal I\u015f\u0131k\u2019a sesleniyoruz: Gaziemir halk\u0131 size, makamlar\u0131 e\u015fe-dosta pay edesiniz diye oy vermedi. Gaziemir\u2019in kaybedecek bir g\u00fcn\u00fc daha yok! AK Parti olarak biz, bu s\u00fcrecin takip\u00e7isi olmaya ve halk\u0131m\u0131z\u0131n sesi olmaya devam edece\u011fiz&#8221; dedi.<br \/><\/p>\n","protected":false},"excerpt":{"rendered":"<p>AK Parti Gaziemir \u0130l\u00e7e Ba\u015fkan\u0131 \u0130smail Ya\u015fad\u0131, Gaziemir Belediyesi\u2019nde ya\u015fanan akrabal\u0131k ili\u015fkileri ve i\u015fe al\u0131mlar \u00fczerinden Belediye Ba\u015fkan\u0131 \u00dcnal I\u015f\u0131k\u2019a sert s\u00f6zlerle y\u00fcklendi. Belediye i\u00e7indeki akrabal\u0131k ili\u015fkilerinin hizmetin \u00f6n\u00fcne ge\u00e7ti\u011fi ele\u015ftirisini yapan Ya\u015fad\u0131, &#8220;Bu d\u00f6nemin en \u00e7arp\u0131c\u0131 \u00f6zelli\u011fi, belediye i\u00e7indeki akrabal\u0131k ili\u015fkilerinin hizmetin \u00f6n\u00fcne ge\u00e7mesidir. Gaziemir halk\u0131 size, makamlar\u0131 e\u015fe-dosta pay edesiniz diye oy vermedi&#8230;.<\/p>\n","protected":false},"author":1,"featured_media":30895,"comment_status":"open","ping_status":"open","sticky":false,"template":"","format":"standard","meta":{"_crdt_document":"","footnotes":""},"categories":[127],"tags":[],"class_list":["post-30894","post","type-post","status-publish","format-standard","has-post-thumbnail","hentry","category-siyaset"],"_links":{"self":[{"href":"https:\/\/www.egemtv.com\/index.php?rest_route=\/wp\/v2\/posts\/30894","targetHints":{"allow":["GET"]}}],"collection":[{"href":"https:\/\/www.egemtv.com\/index.php?rest_route=\/wp\/v2\/posts"}],"about":[{"href":"https:\/\/www.egemtv.com\/index.php?rest_route=\/wp\/v2\/types\/post"}],"author":[{"embeddable":true,"href":"https:\/\/www.egemtv.com\/index.php?rest_route=\/wp\/v2\/users\/1"}],"replies":[{"embeddable":true,"href":"https:\/\/www.egemtv.com\/index.php?rest_route=%2Fwp%2Fv2%2Fcomments&post=30894"}],"version-history":[{"count":1,"href":"https:\/\/www.egemtv.com\/index.php?rest_route=\/wp\/v2\/posts\/30894\/revisions"}],"predecessor-version":[{"id":30896,"href":"https:\/\/www.egemtv.com\/index.php?rest_route=\/wp\/v2\/posts\/30894\/revisions\/30896"}],"wp:featuredmedia":[{"embeddable":true,"href":"https:\/\/www.egemtv.com\/index.php?rest_route=\/wp\/v2\/media\/30895"}],"wp:attachment":[{"href":"https:\/\/www.egemtv.com\/index.php?rest_route=%2Fwp%2Fv2%2Fmedia&parent=30894"}],"wp:term":[{"taxonomy":"category","embeddable":true,"href":"https:\/\/www.egemtv.com\/index.php?rest_route=%2Fwp%2Fv2%2Fcategories&post=30894"},{"taxonomy":"post_tag","embeddable":true,"href":"https:\/\/www.egemtv.com\/index.php?rest_route=%2Fwp%2Fv2%2Ftags&post=30894"}],"curies":[{"name":"wp","href":"https:\/\/api.w.org\/{rel}","templated":true}]}}