{"id":30891,"date":"2025-05-23T14:35:57","date_gmt":"2025-05-23T11:35:57","guid":{"rendered":"https:\/\/www.egemtv.com\/?p=30891"},"modified":"2025-05-23T14:36:01","modified_gmt":"2025-05-23T11:36:01","slug":"ahmetli-gazi-ortaokulunun-yildiz-kizlari-turkiye-ikincisi-oldu","status":"publish","type":"post","link":"https:\/\/www.egemtv.com\/?p=30891","title":{"rendered":"Ahmetli Gazi Ortaokulu\u2019nun Y\u0131ld\u0131z K\u0131zlar\u0131 T\u00fcrkiye ikincisi oldu"},"content":{"rendered":"<p>Gen\u00e7lik ve Spor Bakanl\u0131\u011f\u0131 taraf\u0131ndan \u0130stanbul\u2019da d\u00fczenlenen Okul Sporlar\u0131 3&#215;3 Basketbol Y\u0131ld\u0131z K\u0131zlar T\u00fcrkiye Birincili\u011fi M\u00fcsabakalar\u0131, b\u00fcy\u00fck bir heyecana sahne oldu. T\u00fcrkiye genelinden en ba\u015far\u0131l\u0131 tak\u0131mlar\u0131n m\u00fccadele etti\u011fi turnuvada, Manisa\u2019y\u0131 temsil eden Ahmetli Gazi Ortaokulu Basketbol Tak\u0131m\u0131 T\u00fcrkiye ikincisi oldu.<br \/>\n<br \/>Gen\u00e7lik ve Spor Bakanl\u0131\u011f\u0131 taraf\u0131ndan \u0130stanbul\u2019da d\u00fczenlenen Okul Sporlar\u0131 3&#215;3 Basketbol Y\u0131ld\u0131z K\u0131zlar T\u00fcrkiye Birincili\u011fi M\u00fcsabakalar\u0131, b\u00fcy\u00fck bir heyecana sahne oldu. Turnuva boyunca hem m\u00fccadele g\u00fcc\u00fc hem de y\u00fcksek tak\u0131m ruhu ile \u00f6ne \u00e7\u0131kan Ahmetli Gazi Ortaokulu, zorlu rakiplerini geride b\u0131rakarak ad\u0131n\u0131 T\u00fcrkiye finallerine yazd\u0131rd\u0131. Final kar\u015f\u0131la\u015fmas\u0131nda da b\u00fcy\u00fck bir azimle sahada yer alan tak\u0131m, turnuvay\u0131 ikinci s\u0131rada tamamlad\u0131.<\/p>\n<p>Sporcular\u0131 tebrik etti<br \/>\n<br \/>Manisa Gen\u00e7lik ve Spor \u0130l M\u00fcd\u00fcr\u00fc Yunus \u00d6zt\u00fcrk, Ahmetli Gazi Ortaokulu\u2019nun elde etti\u011fi T\u00fcrkiye ikincili\u011fi ba\u015far\u0131s\u0131ndan dolay\u0131 \u00f6\u011frenci sporcular\u0131 ve antren\u00f6rlerini tebrik etti. Sporcular\u0131n turnuva boyunca g\u00f6sterdi\u011fi azim, disiplin ve tak\u0131m ruhunun takdire \u015fayan oldu\u011funu belirten \u00d6zt\u00fcrk, &#8220;Gen\u00e7lerimizin b\u00f6ylesine b\u00fcy\u00fck bir ba\u015far\u0131ya imza atmas\u0131 hem ilimiz ad\u0131na gurur verici hem de gelecek ad\u0131na umut verici. Bu t\u00fcr ba\u015far\u0131lar sadece bir derece kazanmakla kalmaz; ayn\u0131 zamanda sporun tabana yay\u0131lmas\u0131, gen\u00e7ler aras\u0131nda daha fazla benimsenmesi ve daha ba\u015far\u0131l\u0131 sporcular\u0131n yeti\u015fmesi a\u00e7\u0131s\u0131ndan da b\u00fcy\u00fck \u00f6nem ta\u015f\u0131r.&#8221; dedi.<br \/><\/p>\n","protected":false},"excerpt":{"rendered":"<p>Gen\u00e7lik ve Spor Bakanl\u0131\u011f\u0131 taraf\u0131ndan \u0130stanbul\u2019da d\u00fczenlenen Okul Sporlar\u0131 3&#215;3 Basketbol Y\u0131ld\u0131z K\u0131zlar T\u00fcrkiye Birincili\u011fi M\u00fcsabakalar\u0131, b\u00fcy\u00fck bir heyecana sahne oldu. T\u00fcrkiye genelinden en ba\u015far\u0131l\u0131 tak\u0131mlar\u0131n m\u00fccadele etti\u011fi turnuvada, Manisa\u2019y\u0131 temsil eden Ahmetli Gazi Ortaokulu Basketbol Tak\u0131m\u0131 T\u00fcrkiye ikincisi oldu. Gen\u00e7lik ve Spor Bakanl\u0131\u011f\u0131 taraf\u0131ndan \u0130stanbul\u2019da d\u00fczenlenen Okul Sporlar\u0131 3&#215;3 Basketbol Y\u0131ld\u0131z K\u0131zlar T\u00fcrkiye Birincili\u011fi&#8230;<\/p>\n","protected":false},"author":1,"featured_media":30892,"comment_status":"open","ping_status":"open","sticky":false,"template":"","format":"standard","meta":{"_crdt_document":"","footnotes":""},"categories":[4],"tags":[],"class_list":["post-30891","post","type-post","status-publish","format-standard","has-post-thumbnail","hentry","category-spor"],"_links":{"self":[{"href":"https:\/\/www.egemtv.com\/index.php?rest_route=\/wp\/v2\/posts\/30891","targetHints":{"allow":["GET"]}}],"collection":[{"href":"https:\/\/www.egemtv.com\/index.php?rest_route=\/wp\/v2\/posts"}],"about":[{"href":"https:\/\/www.egemtv.com\/index.php?rest_route=\/wp\/v2\/types\/post"}],"author":[{"embeddable":true,"href":"https:\/\/www.egemtv.com\/index.php?rest_route=\/wp\/v2\/users\/1"}],"replies":[{"embeddable":true,"href":"https:\/\/www.egemtv.com\/index.php?rest_route=%2Fwp%2Fv2%2Fcomments&post=30891"}],"version-history":[{"count":1,"href":"https:\/\/www.egemtv.com\/index.php?rest_route=\/wp\/v2\/posts\/30891\/revisions"}],"predecessor-version":[{"id":30893,"href":"https:\/\/www.egemtv.com\/index.php?rest_route=\/wp\/v2\/posts\/30891\/revisions\/30893"}],"wp:featuredmedia":[{"embeddable":true,"href":"https:\/\/www.egemtv.com\/index.php?rest_route=\/wp\/v2\/media\/30892"}],"wp:attachment":[{"href":"https:\/\/www.egemtv.com\/index.php?rest_route=%2Fwp%2Fv2%2Fmedia&parent=30891"}],"wp:term":[{"taxonomy":"category","embeddable":true,"href":"https:\/\/www.egemtv.com\/index.php?rest_route=%2Fwp%2Fv2%2Fcategories&post=30891"},{"taxonomy":"post_tag","embeddable":true,"href":"https:\/\/www.egemtv.com\/index.php?rest_route=%2Fwp%2Fv2%2Ftags&post=30891"}],"curies":[{"name":"wp","href":"https:\/\/api.w.org\/{rel}","templated":true}]}}