{"id":30888,"date":"2025-05-23T14:35:52","date_gmt":"2025-05-23T11:35:52","guid":{"rendered":"https:\/\/www.egemtv.com\/?p=30888"},"modified":"2025-05-23T14:35:57","modified_gmt":"2025-05-23T11:35:57","slug":"manisa-sehir-hastanesi-saglikta-kalitesini-tescilledi","status":"publish","type":"post","link":"https:\/\/www.egemtv.com\/?p=30888","title":{"rendered":"Manisa \u015eehir Hastanesi sa\u011fl\u0131kta kalitesini tescilledi"},"content":{"rendered":"<p>Manisa \u015eehir Hastanesi, sa\u011fl\u0131k hizmetlerinde s\u00fcrd\u00fcr\u00fclebilir kalite anlay\u0131\u015f\u0131yla y\u00fcr\u00fctt\u00fc\u011f\u00fc \u00e7al\u0131\u015fmalar sonucunda, Sa\u011fl\u0131k Bakanl\u0131\u011f\u0131\u2019na ba\u011fl\u0131 T\u00fcrkiye Sa\u011fl\u0131k Hizmetleri Kalite ve Akreditasyon Enstit\u00fcs\u00fc (T\u00dcSKA) taraf\u0131ndan verilen uluslararas\u0131 ge\u00e7erlili\u011fe sahip \u2019Sa\u011fl\u0131kta Akreditasyon Belgesi\u2019ni almaya hak kazand\u0131.<br \/>\n<br \/>T\u00fcrkiye\u2019deki 1.566 hastane aras\u0131ndan yaln\u0131zca 9\u2019unun sahip oldu\u011fu bu akreditasyonla Manisa \u015eehir Hastanesi, kamu hastaneleri aras\u0131nda 5. s\u0131rada yer ald\u0131. Elde edilen ba\u015far\u0131, hem Manisa\u2019n\u0131n hem de T\u00fcrkiye\u2019nin sa\u011fl\u0131k alan\u0131ndaki ilerlemesini g\u00f6zler \u00f6n\u00fcne serdi.<br \/>\n<br \/>Manisa \u015eehir Hastanesi Ba\u015fhekimi Uzm. Dr. Serkan Saka, &#8220;Bu belge yaln\u0131zca bir unvan de\u011fil, hastanemizin t\u00fcm s\u00fcre\u00e7lerinde s\u00fcrd\u00fcr\u00fclebilir kaliteyi esas alan bir anlay\u0131\u015f\u0131n tescilidir&#8221; diyerek, &#8220;Bu ba\u015far\u0131, gece g\u00fcnd\u00fcz demeden b\u00fcy\u00fck bir \u00f6zveriyle \u00e7al\u0131\u015fan t\u00fcm ekip arkada\u015flar\u0131m\u0131z\u0131nd\u0131r. Hepsine ayr\u0131 ayr\u0131 g\u00f6n\u00fclden te\u015fekk\u00fcr ediyorum. Ayr\u0131ca bu s\u00fcre\u00e7te bizlere desteklerini esirgemeyen Manisa \u0130l Sa\u011fl\u0131k M\u00fcd\u00fcr\u00fcm\u00fcz Op. Dr. Mehmet Fatih Zeren\u2019e ve \u0130l Sa\u011fl\u0131k M\u00fcd\u00fcrl\u00fc\u011f\u00fcm\u00fcze \u015f\u00fckranlar\u0131m\u0131 sunuyorum&#8221; dedi.<br \/>\n<br \/>Saka, a\u00e7\u0131klamas\u0131n\u0131n devam\u0131nda \u015fu ifadelere yer verdi: &#8220;Bu ba\u015far\u0131; memleketimize duydu\u011fumuz sorumlulu\u011fun, hasta g\u00fcvenli\u011fini \u00f6nceleyen hizmet anlay\u0131\u015f\u0131m\u0131z\u0131n, \u015feffafl\u0131k ilkemizin ve y\u00fcksek kalite standartlar\u0131na olan ba\u011fl\u0131l\u0131\u011f\u0131m\u0131z\u0131n bir sonucudur. Manisa art\u0131k sa\u011fl\u0131kta T\u00fcrkiye\u2019nin en iyileri aras\u0131nda yer al\u0131yor. Kalite yolculu\u011fumuz ise durmaks\u0131z\u0131n s\u00fcrecek.&#8221;<br \/><\/p>\n","protected":false},"excerpt":{"rendered":"<p>Manisa \u015eehir Hastanesi, sa\u011fl\u0131k hizmetlerinde s\u00fcrd\u00fcr\u00fclebilir kalite anlay\u0131\u015f\u0131yla y\u00fcr\u00fctt\u00fc\u011f\u00fc \u00e7al\u0131\u015fmalar sonucunda, Sa\u011fl\u0131k Bakanl\u0131\u011f\u0131\u2019na ba\u011fl\u0131 T\u00fcrkiye Sa\u011fl\u0131k Hizmetleri Kalite ve Akreditasyon Enstit\u00fcs\u00fc (T\u00dcSKA) taraf\u0131ndan verilen uluslararas\u0131 ge\u00e7erlili\u011fe sahip \u2019Sa\u011fl\u0131kta Akreditasyon Belgesi\u2019ni almaya hak kazand\u0131. T\u00fcrkiye\u2019deki 1.566 hastane aras\u0131ndan yaln\u0131zca 9\u2019unun sahip oldu\u011fu bu akreditasyonla Manisa \u015eehir Hastanesi, kamu hastaneleri aras\u0131nda 5. s\u0131rada yer ald\u0131. Elde edilen&#8230;<\/p>\n","protected":false},"author":1,"featured_media":30889,"comment_status":"open","ping_status":"open","sticky":false,"template":"","format":"standard","meta":{"_crdt_document":"","footnotes":""},"categories":[2],"tags":[],"class_list":["post-30888","post","type-post","status-publish","format-standard","has-post-thumbnail","hentry","category-saglik"],"_links":{"self":[{"href":"https:\/\/www.egemtv.com\/index.php?rest_route=\/wp\/v2\/posts\/30888","targetHints":{"allow":["GET"]}}],"collection":[{"href":"https:\/\/www.egemtv.com\/index.php?rest_route=\/wp\/v2\/posts"}],"about":[{"href":"https:\/\/www.egemtv.com\/index.php?rest_route=\/wp\/v2\/types\/post"}],"author":[{"embeddable":true,"href":"https:\/\/www.egemtv.com\/index.php?rest_route=\/wp\/v2\/users\/1"}],"replies":[{"embeddable":true,"href":"https:\/\/www.egemtv.com\/index.php?rest_route=%2Fwp%2Fv2%2Fcomments&post=30888"}],"version-history":[{"count":1,"href":"https:\/\/www.egemtv.com\/index.php?rest_route=\/wp\/v2\/posts\/30888\/revisions"}],"predecessor-version":[{"id":30890,"href":"https:\/\/www.egemtv.com\/index.php?rest_route=\/wp\/v2\/posts\/30888\/revisions\/30890"}],"wp:featuredmedia":[{"embeddable":true,"href":"https:\/\/www.egemtv.com\/index.php?rest_route=\/wp\/v2\/media\/30889"}],"wp:attachment":[{"href":"https:\/\/www.egemtv.com\/index.php?rest_route=%2Fwp%2Fv2%2Fmedia&parent=30888"}],"wp:term":[{"taxonomy":"category","embeddable":true,"href":"https:\/\/www.egemtv.com\/index.php?rest_route=%2Fwp%2Fv2%2Fcategories&post=30888"},{"taxonomy":"post_tag","embeddable":true,"href":"https:\/\/www.egemtv.com\/index.php?rest_route=%2Fwp%2Fv2%2Ftags&post=30888"}],"curies":[{"name":"wp","href":"https:\/\/api.w.org\/{rel}","templated":true}]}}