{"id":30885,"date":"2025-05-23T14:15:22","date_gmt":"2025-05-23T11:15:22","guid":{"rendered":"https:\/\/www.egemtv.com\/?p=30885"},"modified":"2025-05-23T14:15:27","modified_gmt":"2025-05-23T11:15:27","slug":"dunyanin-en-guclu-bocegi-manisada-bulundu","status":"publish","type":"post","link":"https:\/\/www.egemtv.com\/?p=30885","title":{"rendered":"D\u00fcnyan\u0131n en g\u00fc\u00e7l\u00fc b\u00f6ce\u011fi Manisa\u2019da bulundu"},"content":{"rendered":"<p>D\u00fcnyan\u0131n en g\u00fc\u00e7l\u00fc b\u00f6ce\u011fi olarak bilinen gergedan b\u00f6ce\u011fi, Manisa\u2019n\u0131n Salihli il\u00e7esinde bir \u00e7ift\u00e7i taraf\u0131ndan zeytin \u00e7apalarken bulundu.<br \/>\n<br \/>Salihli\u2019nin Pazark\u00f6y Mahallesi Bintepeler mevkiindeki tarlas\u0131nda zeytin \u00e7apalayan bir \u00e7ift\u00e7i, yerde ilgin\u00e7 bir b\u00f6cek fark etti. \u00c7ift\u00e7i, g\u00f6rd\u00fc\u011f\u00fc b\u00f6ce\u011fe yakla\u015f\u0131p inceledi\u011finde a\u011f\u0131rl\u0131\u011f\u0131n\u0131n 850 kat fazlas\u0131n\u0131 ta\u015f\u0131yabilen, d\u00fcnyan\u0131n en g\u00fc\u00e7l\u00fc hayvan t\u00fcrlerinden olan ve u\u00e7an b\u00f6cek s\u0131n\u0131f\u0131na tabi tutulan gergedan b\u00f6ce\u011fi oldu\u011funu tespit etti.<br \/>\n<br \/>Salihlili \u00e7ift\u00e7i taraf\u0131ndan foto\u011fraflar\u0131 \u00e7ekilen gergedan b\u00f6ce\u011fi daha sonra yeniden do\u011faya b\u0131rak\u0131ld\u0131.<br \/><\/p>\n","protected":false},"excerpt":{"rendered":"<p>D\u00fcnyan\u0131n en g\u00fc\u00e7l\u00fc b\u00f6ce\u011fi olarak bilinen gergedan b\u00f6ce\u011fi, Manisa\u2019n\u0131n Salihli il\u00e7esinde bir \u00e7ift\u00e7i taraf\u0131ndan zeytin \u00e7apalarken bulundu. Salihli\u2019nin Pazark\u00f6y Mahallesi Bintepeler mevkiindeki tarlas\u0131nda zeytin \u00e7apalayan bir \u00e7ift\u00e7i, yerde ilgin\u00e7 bir b\u00f6cek fark etti. \u00c7ift\u00e7i, g\u00f6rd\u00fc\u011f\u00fc b\u00f6ce\u011fe yakla\u015f\u0131p inceledi\u011finde a\u011f\u0131rl\u0131\u011f\u0131n\u0131n 850 kat fazlas\u0131n\u0131 ta\u015f\u0131yabilen, d\u00fcnyan\u0131n en g\u00fc\u00e7l\u00fc hayvan t\u00fcrlerinden olan ve u\u00e7an b\u00f6cek s\u0131n\u0131f\u0131na tabi tutulan&#8230;<\/p>\n","protected":false},"author":1,"featured_media":30886,"comment_status":"open","ping_status":"open","sticky":false,"template":"","format":"standard","meta":{"_crdt_document":"","footnotes":""},"categories":[1],"tags":[],"class_list":["post-30885","post","type-post","status-publish","format-standard","has-post-thumbnail","hentry","category-guncel"],"_links":{"self":[{"href":"https:\/\/www.egemtv.com\/index.php?rest_route=\/wp\/v2\/posts\/30885","targetHints":{"allow":["GET"]}}],"collection":[{"href":"https:\/\/www.egemtv.com\/index.php?rest_route=\/wp\/v2\/posts"}],"about":[{"href":"https:\/\/www.egemtv.com\/index.php?rest_route=\/wp\/v2\/types\/post"}],"author":[{"embeddable":true,"href":"https:\/\/www.egemtv.com\/index.php?rest_route=\/wp\/v2\/users\/1"}],"replies":[{"embeddable":true,"href":"https:\/\/www.egemtv.com\/index.php?rest_route=%2Fwp%2Fv2%2Fcomments&post=30885"}],"version-history":[{"count":1,"href":"https:\/\/www.egemtv.com\/index.php?rest_route=\/wp\/v2\/posts\/30885\/revisions"}],"predecessor-version":[{"id":30887,"href":"https:\/\/www.egemtv.com\/index.php?rest_route=\/wp\/v2\/posts\/30885\/revisions\/30887"}],"wp:featuredmedia":[{"embeddable":true,"href":"https:\/\/www.egemtv.com\/index.php?rest_route=\/wp\/v2\/media\/30886"}],"wp:attachment":[{"href":"https:\/\/www.egemtv.com\/index.php?rest_route=%2Fwp%2Fv2%2Fmedia&parent=30885"}],"wp:term":[{"taxonomy":"category","embeddable":true,"href":"https:\/\/www.egemtv.com\/index.php?rest_route=%2Fwp%2Fv2%2Fcategories&post=30885"},{"taxonomy":"post_tag","embeddable":true,"href":"https:\/\/www.egemtv.com\/index.php?rest_route=%2Fwp%2Fv2%2Ftags&post=30885"}],"curies":[{"name":"wp","href":"https:\/\/api.w.org\/{rel}","templated":true}]}}