{"id":30879,"date":"2025-05-23T13:36:04","date_gmt":"2025-05-23T10:36:04","guid":{"rendered":"https:\/\/www.egemtv.com\/?p=30879"},"modified":"2025-05-23T13:36:09","modified_gmt":"2025-05-23T10:36:09","slug":"dso-baskani-kasapoglu-kredi-garanti-fonu-adimi-reel-sektor-acisindan-olumlu-bir-gelisme","status":"publish","type":"post","link":"https:\/\/www.egemtv.com\/?p=30879","title":{"rendered":"DSO Ba\u015fkan\u0131 Kasapo\u011flu; &#8220;Kredi Garanti Fonu ad\u0131m\u0131 reel sekt\u00f6r a\u00e7\u0131s\u0131ndan olumlu bir geli\u015fme&#8221;"},"content":{"rendered":"<p>T\u00fcrkiye Odalar ve Borsalar Birli\u011fi (TOBB) ev sahipli\u011finde d\u00fczenlenen TOBB T\u00fcrkiye Ekonomi \u015e\u00fbras\u0131, bug\u00fcn Ankara\u2019da ger\u00e7ekle\u015ftiriliyor. Cumhurba\u015fkan\u0131 Yard\u0131mc\u0131s\u0131 Cevdet Y\u0131lmaz ba\u015fkanl\u0131\u011f\u0131nda d\u00fczenlenecek toplant\u0131ya, ekonomiyle ilgili bakanlar\u0131n yan\u0131 s\u0131ra \u00fclke genelindeki Oda ve Borsa Ba\u015fkanlar\u0131 da kat\u0131l\u0131m sa\u011flayacak. Denizli Sanayi Odas\u0131 (DSO) Y\u00f6netim Kurulu Ba\u015fkan\u0131 Selim Kasapo\u011flu da bu toplant\u0131da yer alacak.<\/p>\n<p>Ekonomi y\u00f6netimi ile reel sekt\u00f6r\u00fcn bulu\u015faca\u011f\u0131 toplant\u0131da, \u00fcretimden ihracata, finansmandan istihdama kadar \u00e7ok say\u0131da yap\u0131sal ve g\u00fcncel sorun dile getirilecek. TOBB Ba\u015fkan\u0131 Rifat Hisarc\u0131kl\u0131o\u011flu\u2019nun ev sahipli\u011fi yapaca\u011f\u0131 toplant\u0131da, ekonomik sorunlar do\u011frudan ilgili bakanlara aktar\u0131lacak. DSO Ba\u015fkan\u0131 Selim Kasapo\u011flu, ekonomide ya\u015fanan sorunlar\u0131n geni\u015f kapsaml\u0131 bir \u015fekilde de\u011ferlendirilece\u011fi toplant\u0131da, Denizli sanayisinin kar\u015f\u0131 kar\u015f\u0131ya oldu\u011fu temel sorunlar\u0131 ve \u00e7\u00f6z\u00fcm \u00f6nerilerini detayl\u0131 bir dosya ile sunacak. \u00dcretim maliyetlerindeki art\u0131\u015f, bask\u0131lanan kur ve finansmana eri\u015fim Ba\u015fkan Kasapo\u011flu\u2019nun dosyas\u0131ndaki ilk ba\u015fl\u0131klar olacak. Y\u00fcksek faiz oranlar\u0131n\u0131n \u00fcretim \u00fczerinde olu\u015fturdu\u011fu bask\u0131n\u0131n alt\u0131n\u0131 \u00e7izecek olan Kasapo\u011flu, reel sekt\u00f6r\u00fcn mevcut \u015fartlarda ciddi zorluklar ya\u015fad\u0131\u011f\u0131n\u0131 aktaracak.<\/p>\n<p>Kasapo\u011flu\u2019nun sunumunda ayr\u0131ca, sanayi istihdam\u0131nda ya\u015fanan kay\u0131plar, kapasite kullan\u0131m oranlar\u0131ndaki d\u00fc\u015f\u00fc\u015f ve yat\u0131r\u0131mlarda duraklama gibi yap\u0131sal sorunlar da yer alacak. Bu d\u00fc\u015f\u00fcnce ile sanayinin i\u00e7inde bulundu\u011fu dar bo\u011fazdan \u00e7\u0131kabilmesi i\u00e7in kredi b\u00fcy\u00fcme s\u0131n\u0131r\u0131n\u0131n sanayi \u015firketleri i\u00e7in esnetilmesi, hatta bu \u015firketlerin istisna tutulmas\u0131 talep edilecek. \u0130malat sanayinde, emek yo\u011fun sekt\u00f6rler ba\u015fta olmak \u00fczere sekt\u00f6rel te\u015fvikler ve sanayi istihdam\u0131n\u0131 destekleyecek, \u00e7al\u0131\u015fan odakl\u0131 destek mekanizmalar\u0131 da Kasapo\u011flu\u2019nun \u00f6nerileri aras\u0131nda bulunuyor.<\/p>\n<p>&#8220;Kredi Garanti Fonu ad\u0131m\u0131 reel sekt\u00f6r a\u00e7\u0131s\u0131ndan olumlu bir geli\u015fme&#8221;<br \/>\n<br \/>Toplant\u0131 \u00f6ncesinde a\u00e7\u0131klamalarda bulunan Ba\u015fkan Kasapo\u011flu, Cumhurba\u015fkan\u0131 Erdo\u011fan\u2019\u0131n Kredi Garanti Fonu\u2019nun (KGF) yeniden devreye al\u0131naca\u011f\u0131na dair a\u00e7\u0131klamas\u0131n\u0131 da de\u011ferlendirerek, bu ad\u0131m\u0131n reel sekt\u00f6r i\u00e7in \u00f6nemli bir geli\u015fme oldu\u011funu kaydetti. Kasapo\u011flu, &#8220;KOB\u0130\u2019lerimizin ve sanayi i\u015fletmelerimizin son d\u00f6nemde artan finansman maliyetleri kar\u015f\u0131s\u0131nda zorland\u0131\u011f\u0131n\u0131 yerinde g\u00f6zlemliyoruz. KGF\u2019nin yeniden devreye al\u0131naca\u011f\u0131 y\u00f6n\u00fcndeki a\u00e7\u0131klama; \u00fcretimin, istihdam\u0131n ve ihracat\u0131n desteklenmesi a\u00e7\u0131s\u0131ndan \u00e7ok k\u0131ymetli bir ad\u0131m&#8221; diye konu\u015ftu.<\/p>\n<p>\u00d6zellikle y\u00fcksek faiz oranlar\u0131 ve s\u0131n\u0131rl\u0131 kredi b\u00fcy\u00fcmesi nedeniyle bir\u00e7ok sanayi i\u015fletmesinin ayakta durmakta zorland\u0131\u011f\u0131n\u0131 vurgulayan Kasapo\u011flu, &#8220;Uygun \u015fartlarda finansmana eri\u015fim olmadan reel sekt\u00f6r\u00fcn \u00e7arklar\u0131 d\u00f6nemez. Kredi Garanti Fonu\u2019nun yeniden etkin \u015fekilde devreye al\u0131nmas\u0131, \u00fcretim kabiliyetimizi canl\u0131 tutmakla kalmayacak, yat\u0131r\u0131m i\u015ftah\u0131n\u0131n artmas\u0131na, kapasite kullan\u0131m oranlar\u0131n\u0131n y\u00fckselmesine ve istihdam\u0131n korunmas\u0131na da katk\u0131 sa\u011flayacak. Bu ad\u0131m, T\u00fcrkiye ekonomisinin temel dire\u011fi olan reel sekt\u00f6r\u00fcn g\u00fc\u00e7lendirilmesi ad\u0131na g\u00fcven a\u015f\u0131lar&#8221; dedi.<br \/><\/p>\n","protected":false},"excerpt":{"rendered":"<p>T\u00fcrkiye Odalar ve Borsalar Birli\u011fi (TOBB) ev sahipli\u011finde d\u00fczenlenen TOBB T\u00fcrkiye Ekonomi \u015e\u00fbras\u0131, bug\u00fcn Ankara\u2019da ger\u00e7ekle\u015ftiriliyor. Cumhurba\u015fkan\u0131 Yard\u0131mc\u0131s\u0131 Cevdet Y\u0131lmaz ba\u015fkanl\u0131\u011f\u0131nda d\u00fczenlenecek toplant\u0131ya, ekonomiyle ilgili bakanlar\u0131n yan\u0131 s\u0131ra \u00fclke genelindeki Oda ve Borsa Ba\u015fkanlar\u0131 da kat\u0131l\u0131m sa\u011flayacak. Denizli Sanayi Odas\u0131 (DSO) Y\u00f6netim Kurulu Ba\u015fkan\u0131 Selim Kasapo\u011flu da bu toplant\u0131da yer alacak. Ekonomi y\u00f6netimi ile reel&#8230;<\/p>\n","protected":false},"author":1,"featured_media":30880,"comment_status":"open","ping_status":"open","sticky":false,"template":"","format":"standard","meta":{"_crdt_document":"","footnotes":""},"categories":[125],"tags":[],"class_list":["post-30879","post","type-post","status-publish","format-standard","has-post-thumbnail","hentry","category-ekonomi"],"_links":{"self":[{"href":"https:\/\/www.egemtv.com\/index.php?rest_route=\/wp\/v2\/posts\/30879","targetHints":{"allow":["GET"]}}],"collection":[{"href":"https:\/\/www.egemtv.com\/index.php?rest_route=\/wp\/v2\/posts"}],"about":[{"href":"https:\/\/www.egemtv.com\/index.php?rest_route=\/wp\/v2\/types\/post"}],"author":[{"embeddable":true,"href":"https:\/\/www.egemtv.com\/index.php?rest_route=\/wp\/v2\/users\/1"}],"replies":[{"embeddable":true,"href":"https:\/\/www.egemtv.com\/index.php?rest_route=%2Fwp%2Fv2%2Fcomments&post=30879"}],"version-history":[{"count":1,"href":"https:\/\/www.egemtv.com\/index.php?rest_route=\/wp\/v2\/posts\/30879\/revisions"}],"predecessor-version":[{"id":30881,"href":"https:\/\/www.egemtv.com\/index.php?rest_route=\/wp\/v2\/posts\/30879\/revisions\/30881"}],"wp:featuredmedia":[{"embeddable":true,"href":"https:\/\/www.egemtv.com\/index.php?rest_route=\/wp\/v2\/media\/30880"}],"wp:attachment":[{"href":"https:\/\/www.egemtv.com\/index.php?rest_route=%2Fwp%2Fv2%2Fmedia&parent=30879"}],"wp:term":[{"taxonomy":"category","embeddable":true,"href":"https:\/\/www.egemtv.com\/index.php?rest_route=%2Fwp%2Fv2%2Fcategories&post=30879"},{"taxonomy":"post_tag","embeddable":true,"href":"https:\/\/www.egemtv.com\/index.php?rest_route=%2Fwp%2Fv2%2Ftags&post=30879"}],"curies":[{"name":"wp","href":"https:\/\/api.w.org\/{rel}","templated":true}]}}