{"id":30876,"date":"2025-05-23T13:15:51","date_gmt":"2025-05-23T10:15:51","guid":{"rendered":"https:\/\/www.egemtv.com\/?p=30876"},"modified":"2025-05-23T13:15:56","modified_gmt":"2025-05-23T10:15:56","slug":"yurtlig-satranc-turkiye-sampiyonasi-heyecani-denizlide-yasandi","status":"publish","type":"post","link":"https:\/\/www.egemtv.com\/?p=30876","title":{"rendered":"Yurtlig Satran\u00e7 T\u00fcrkiye \u015fampiyonas\u0131 heyecan\u0131 Denizli\u2019de ya\u015fand\u0131"},"content":{"rendered":"<p>Denizli\u2019nin ev sahipli\u011finde ger\u00e7ekle\u015fen Yurtlig Satran\u00e7 T\u00fcrkiye \u015eampiyonas\u0131 sona erdi. Pamukkale Satran\u00e7 Salonu\u2019nda, 50 ilden 85 sporcunun hamle yapt\u0131\u011f\u0131 \u015fampiyona sonunda dereceye giren sporculara \u00f6d\u00fclleri t\u00f6renle takdim edildi.<\/p>\n<p>Gen\u00e7lik ve Spor Bakanl\u0131\u011f\u0131 koordinesinde d\u00fczenlenen Yurtlig yar\u0131\u015fmalar\u0131 farkl\u0131 bran\u015flarda ger\u00e7ekle\u015fen \u015fampiyonalarla devam ediyor. Yar\u0131\u015fmalar kapsam\u0131nda Yurtlig Satran\u00e7 T\u00fcrkiye \u015eampiyonas\u0131, 19-25 May\u0131s 2025 tarihleri aras\u0131nda Denizli\u2019nin ev sahipli\u011finde ger\u00e7ekle\u015fti. Satran\u00e7 bran\u015f\u0131nda T\u00fcrkiye\u2019nin ev prestijli tesislerinden biri olan Pamukkale Satran\u00e7 Salonu\u2019nda yap\u0131lan \u015fampiyonada, 50 farkl\u0131 ilden toplam 85 sporcu hamle yapt\u0131.<\/p>\n<p>Denizli Gen\u00e7lik ve Spor \u0130l M\u00fcd\u00fcrl\u00fc\u011f\u00fc\u2019n\u00fcn organize etti\u011fi \u015fampiyonada, K\u0131zlar ve Erkekler kategorilerinde p\u00fcr dikkat ger\u00e7ekle\u015fen yar\u0131\u015fmalar \u00e7eki\u015fmeli m\u00fcsabakalara sahne oldu.  \u015eampiyona sonunda K\u0131zlar kategorisinde Seda \u0130rem Kibrit, Erkekler\u2019de ise Mus\u2019ab \u0130yimutaf T\u00fcrkiye \u015eampiyonu oldu. D\u00fczenlenen t\u00f6rende dereceye giren sporculara \u00f6d\u00fcllerini, Gen\u00e7lik Spor \u0130l M\u00fcd\u00fcrl\u00fc\u011f\u00fc Yurt Hizmetleri M\u00fcd\u00fcr\u00fc Tekin Kazak takdim etti.<\/p>\n<p>Dereceye giren sporculardan k\u0131zlarda ise; 1\u2019inci Seda \u0130ren Kibrit, 2\u2019inci Bedihanur Kamalak, 3\u2019\u00fcnc\u00fc Meryem Karaa\u011fa\u00e7, 4\u2019\u00fcnc\u00fc Hazal Cebeci oldu. Dereceye giren erkeklerden ise, 1\u2019inci Musab \u0130yimutaf, 2\u2019inci Turgut S\u00fcel, 3\u2019\u00fcnc\u00fc Hasan Karakurt, 4\u2019\u00fcnc\u00fc S\u00fcleyman Uymaz oldu.<br \/><\/p>\n","protected":false},"excerpt":{"rendered":"<p>Denizli\u2019nin ev sahipli\u011finde ger\u00e7ekle\u015fen Yurtlig Satran\u00e7 T\u00fcrkiye \u015eampiyonas\u0131 sona erdi. Pamukkale Satran\u00e7 Salonu\u2019nda, 50 ilden 85 sporcunun hamle yapt\u0131\u011f\u0131 \u015fampiyona sonunda dereceye giren sporculara \u00f6d\u00fclleri t\u00f6renle takdim edildi. Gen\u00e7lik ve Spor Bakanl\u0131\u011f\u0131 koordinesinde d\u00fczenlenen Yurtlig yar\u0131\u015fmalar\u0131 farkl\u0131 bran\u015flarda ger\u00e7ekle\u015fen \u015fampiyonalarla devam ediyor. Yar\u0131\u015fmalar kapsam\u0131nda Yurtlig Satran\u00e7 T\u00fcrkiye \u015eampiyonas\u0131, 19-25 May\u0131s 2025 tarihleri aras\u0131nda Denizli\u2019nin ev&#8230;<\/p>\n","protected":false},"author":1,"featured_media":30877,"comment_status":"open","ping_status":"open","sticky":false,"template":"","format":"standard","meta":{"_crdt_document":"","footnotes":""},"categories":[4],"tags":[],"class_list":["post-30876","post","type-post","status-publish","format-standard","has-post-thumbnail","hentry","category-spor"],"_links":{"self":[{"href":"https:\/\/www.egemtv.com\/index.php?rest_route=\/wp\/v2\/posts\/30876","targetHints":{"allow":["GET"]}}],"collection":[{"href":"https:\/\/www.egemtv.com\/index.php?rest_route=\/wp\/v2\/posts"}],"about":[{"href":"https:\/\/www.egemtv.com\/index.php?rest_route=\/wp\/v2\/types\/post"}],"author":[{"embeddable":true,"href":"https:\/\/www.egemtv.com\/index.php?rest_route=\/wp\/v2\/users\/1"}],"replies":[{"embeddable":true,"href":"https:\/\/www.egemtv.com\/index.php?rest_route=%2Fwp%2Fv2%2Fcomments&post=30876"}],"version-history":[{"count":1,"href":"https:\/\/www.egemtv.com\/index.php?rest_route=\/wp\/v2\/posts\/30876\/revisions"}],"predecessor-version":[{"id":30878,"href":"https:\/\/www.egemtv.com\/index.php?rest_route=\/wp\/v2\/posts\/30876\/revisions\/30878"}],"wp:featuredmedia":[{"embeddable":true,"href":"https:\/\/www.egemtv.com\/index.php?rest_route=\/wp\/v2\/media\/30877"}],"wp:attachment":[{"href":"https:\/\/www.egemtv.com\/index.php?rest_route=%2Fwp%2Fv2%2Fmedia&parent=30876"}],"wp:term":[{"taxonomy":"category","embeddable":true,"href":"https:\/\/www.egemtv.com\/index.php?rest_route=%2Fwp%2Fv2%2Fcategories&post=30876"},{"taxonomy":"post_tag","embeddable":true,"href":"https:\/\/www.egemtv.com\/index.php?rest_route=%2Fwp%2Fv2%2Ftags&post=30876"}],"curies":[{"name":"wp","href":"https:\/\/api.w.org\/{rel}","templated":true}]}}