{"id":30873,"date":"2025-05-23T13:15:45","date_gmt":"2025-05-23T10:15:45","guid":{"rendered":"https:\/\/www.egemtv.com\/?p=30873"},"modified":"2025-05-23T13:15:51","modified_gmt":"2025-05-23T10:15:51","slug":"bozdoganda-ogrenciler-projelerini-sergiledi","status":"publish","type":"post","link":"https:\/\/www.egemtv.com\/?p=30873","title":{"rendered":"Bozdo\u011fanda \u00f6\u011frenciler projelerini sergiledi"},"content":{"rendered":"<p>Bozdo\u011fan Fatih Ortaokulu ve Anadolu Lisesi \u00f6\u011frencileri taraf\u0131ndan haz\u0131rlanan Bilim Fuar\u0131 Proje Sergisi\u2019nin a\u00e7\u0131l\u0131\u015f\u0131, d\u00fczenlenen t\u00f6renle ger\u00e7ekle\u015ftirildi.<br \/>\n<br \/>Bilimsel d\u00fc\u015f\u00fcnceyi te\u015fvik etmek, \u00f6\u011frencilerin \u00f6zg\u00fcn projelerle kendilerini ifade etmelerini sa\u011flamak amac\u0131yla hayata ge\u00e7irilen fuarda, \u00f6\u011frencilerin b\u00fcy\u00fck bir \u00f6zveriyle haz\u0131rlad\u0131\u011f\u0131 projeler ziyaret\u00e7ilerin be\u011fenisine sunuldu.<br \/>\n<br \/>A\u00e7\u0131l\u0131\u015fa Bozdo\u011fan Kaymakam\u0131 Yunus Emre Polat, Belediye Ba\u015fkan Yard\u0131mc\u0131s\u0131 Sava\u015f Mammac\u0131 ve \u0130l\u00e7e Milli E\u011fitim M\u00fcd\u00fcr\u00fc Mehmet Madran ve protokol \u00fcyeleri kat\u0131ld\u0131. Proje stantlar\u0131n\u0131 tek tek gezen protokol \u00fcyeleri, \u00f6\u011frencilerden projeleri hakk\u0131nda bilgi ald\u0131. G\u00f6rsel sanatlar ve teknoloji tasar\u0131m sergilerini de inceleyen protokol \u00fcyeleri, emek veren \u00f6\u011frenci ve \u00f6\u011fretmenleri tebrik ederek ba\u015far\u0131lar\u0131n\u0131n devam\u0131n\u0131 diledi.<br \/><\/p>\n","protected":false},"excerpt":{"rendered":"<p>Bozdo\u011fan Fatih Ortaokulu ve Anadolu Lisesi \u00f6\u011frencileri taraf\u0131ndan haz\u0131rlanan Bilim Fuar\u0131 Proje Sergisi\u2019nin a\u00e7\u0131l\u0131\u015f\u0131, d\u00fczenlenen t\u00f6renle ger\u00e7ekle\u015ftirildi. Bilimsel d\u00fc\u015f\u00fcnceyi te\u015fvik etmek, \u00f6\u011frencilerin \u00f6zg\u00fcn projelerle kendilerini ifade etmelerini sa\u011flamak amac\u0131yla hayata ge\u00e7irilen fuarda, \u00f6\u011frencilerin b\u00fcy\u00fck bir \u00f6zveriyle haz\u0131rlad\u0131\u011f\u0131 projeler ziyaret\u00e7ilerin be\u011fenisine sunuldu. A\u00e7\u0131l\u0131\u015fa Bozdo\u011fan Kaymakam\u0131 Yunus Emre Polat, Belediye Ba\u015fkan Yard\u0131mc\u0131s\u0131 Sava\u015f Mammac\u0131 ve \u0130l\u00e7e Milli&#8230;<\/p>\n","protected":false},"author":1,"featured_media":30874,"comment_status":"open","ping_status":"open","sticky":false,"template":"","format":"standard","meta":{"_crdt_document":"","footnotes":""},"categories":[1],"tags":[],"class_list":["post-30873","post","type-post","status-publish","format-standard","has-post-thumbnail","hentry","category-guncel"],"_links":{"self":[{"href":"https:\/\/www.egemtv.com\/index.php?rest_route=\/wp\/v2\/posts\/30873","targetHints":{"allow":["GET"]}}],"collection":[{"href":"https:\/\/www.egemtv.com\/index.php?rest_route=\/wp\/v2\/posts"}],"about":[{"href":"https:\/\/www.egemtv.com\/index.php?rest_route=\/wp\/v2\/types\/post"}],"author":[{"embeddable":true,"href":"https:\/\/www.egemtv.com\/index.php?rest_route=\/wp\/v2\/users\/1"}],"replies":[{"embeddable":true,"href":"https:\/\/www.egemtv.com\/index.php?rest_route=%2Fwp%2Fv2%2Fcomments&post=30873"}],"version-history":[{"count":1,"href":"https:\/\/www.egemtv.com\/index.php?rest_route=\/wp\/v2\/posts\/30873\/revisions"}],"predecessor-version":[{"id":30875,"href":"https:\/\/www.egemtv.com\/index.php?rest_route=\/wp\/v2\/posts\/30873\/revisions\/30875"}],"wp:featuredmedia":[{"embeddable":true,"href":"https:\/\/www.egemtv.com\/index.php?rest_route=\/wp\/v2\/media\/30874"}],"wp:attachment":[{"href":"https:\/\/www.egemtv.com\/index.php?rest_route=%2Fwp%2Fv2%2Fmedia&parent=30873"}],"wp:term":[{"taxonomy":"category","embeddable":true,"href":"https:\/\/www.egemtv.com\/index.php?rest_route=%2Fwp%2Fv2%2Fcategories&post=30873"},{"taxonomy":"post_tag","embeddable":true,"href":"https:\/\/www.egemtv.com\/index.php?rest_route=%2Fwp%2Fv2%2Ftags&post=30873"}],"curies":[{"name":"wp","href":"https:\/\/api.w.org\/{rel}","templated":true}]}}