{"id":30870,"date":"2025-05-23T12:36:39","date_gmt":"2025-05-23T09:36:39","guid":{"rendered":"https:\/\/www.egemtv.com\/?p=30870"},"modified":"2025-05-23T12:36:42","modified_gmt":"2025-05-23T09:36:42","slug":"dumlupinarda-adim-adim-saglik-yuruyusu","status":"publish","type":"post","link":"https:\/\/www.egemtv.com\/?p=30870","title":{"rendered":"Dumlup\u0131nar\u2019da &#8220;Ad\u0131m Ad\u0131m Sa\u011fl\u0131k&#8221; y\u00fcr\u00fcy\u00fc\u015f\u00fc"},"content":{"rendered":"<p>K\u00fctahya\u2019n\u0131n Dumlup\u0131nar il\u00e7esinde Toplum Sa\u011fl\u0131\u011f\u0131 Merkezi taraf\u0131ndan ba\u011f\u0131ml\u0131l\u0131kla m\u00fccadele \u00e7er\u00e7evesinde &#8220;Ad\u0131m Ad\u0131m Sa\u011fl\u0131k&#8221; y\u00fcr\u00fcy\u00fc\u015f\u00fc d\u00fczenlendi.<br \/>\n<br \/>D\u00fczenlenen etkinli\u011fe e\u015fi Sedanur Teltik ile birlikte kat\u0131lan Kaymakam Alperen Teltik, &#8220;Vatanda\u015flar\u0131m\u0131z\u0131n do\u011fayla i\u00e7 i\u00e7e bir ya\u015fam tarz\u0131n\u0131 benimsemelerini sa\u011flamak, do\u011fayla olan ili\u015fkilerini geli\u015ftirmek, do\u011fada kald\u0131\u011f\u0131m\u0131z vakitleri art\u0131rmak, b\u00f6ylelikle do\u011fay\u0131 sevdirmek, do\u011fa sporlar\u0131na y\u00f6neltmek, do\u011fan\u0131n i\u00e7indeki sanatlarla bulu\u015fturmak g\u00f6revlerimiz aras\u0131ndad\u0131r&#8221; dedi.<br \/>\n<br \/>Ayr\u0131ca etkinlikte kat\u0131l\u0131mc\u0131lar taraf\u0131ndan y\u00fcr\u00fcy\u00fc\u015f g\u00fczergah\u0131ndaki \u00e7\u00f6pler topland\u0131.<br \/><\/p>\n","protected":false},"excerpt":{"rendered":"<p>K\u00fctahya\u2019n\u0131n Dumlup\u0131nar il\u00e7esinde Toplum Sa\u011fl\u0131\u011f\u0131 Merkezi taraf\u0131ndan ba\u011f\u0131ml\u0131l\u0131kla m\u00fccadele \u00e7er\u00e7evesinde &#8220;Ad\u0131m Ad\u0131m Sa\u011fl\u0131k&#8221; y\u00fcr\u00fcy\u00fc\u015f\u00fc d\u00fczenlendi. D\u00fczenlenen etkinli\u011fe e\u015fi Sedanur Teltik ile birlikte kat\u0131lan Kaymakam Alperen Teltik, &#8220;Vatanda\u015flar\u0131m\u0131z\u0131n do\u011fayla i\u00e7 i\u00e7e bir ya\u015fam tarz\u0131n\u0131 benimsemelerini sa\u011flamak, do\u011fayla olan ili\u015fkilerini geli\u015ftirmek, do\u011fada kald\u0131\u011f\u0131m\u0131z vakitleri art\u0131rmak, b\u00f6ylelikle do\u011fay\u0131 sevdirmek, do\u011fa sporlar\u0131na y\u00f6neltmek, do\u011fan\u0131n i\u00e7indeki sanatlarla bulu\u015fturmak g\u00f6revlerimiz aras\u0131ndad\u0131r&#8221;&#8230;<\/p>\n","protected":false},"author":1,"featured_media":30871,"comment_status":"open","ping_status":"open","sticky":false,"template":"","format":"standard","meta":{"_crdt_document":"","footnotes":""},"categories":[2],"tags":[],"class_list":["post-30870","post","type-post","status-publish","format-standard","has-post-thumbnail","hentry","category-saglik"],"_links":{"self":[{"href":"https:\/\/www.egemtv.com\/index.php?rest_route=\/wp\/v2\/posts\/30870","targetHints":{"allow":["GET"]}}],"collection":[{"href":"https:\/\/www.egemtv.com\/index.php?rest_route=\/wp\/v2\/posts"}],"about":[{"href":"https:\/\/www.egemtv.com\/index.php?rest_route=\/wp\/v2\/types\/post"}],"author":[{"embeddable":true,"href":"https:\/\/www.egemtv.com\/index.php?rest_route=\/wp\/v2\/users\/1"}],"replies":[{"embeddable":true,"href":"https:\/\/www.egemtv.com\/index.php?rest_route=%2Fwp%2Fv2%2Fcomments&post=30870"}],"version-history":[{"count":1,"href":"https:\/\/www.egemtv.com\/index.php?rest_route=\/wp\/v2\/posts\/30870\/revisions"}],"predecessor-version":[{"id":30872,"href":"https:\/\/www.egemtv.com\/index.php?rest_route=\/wp\/v2\/posts\/30870\/revisions\/30872"}],"wp:featuredmedia":[{"embeddable":true,"href":"https:\/\/www.egemtv.com\/index.php?rest_route=\/wp\/v2\/media\/30871"}],"wp:attachment":[{"href":"https:\/\/www.egemtv.com\/index.php?rest_route=%2Fwp%2Fv2%2Fmedia&parent=30870"}],"wp:term":[{"taxonomy":"category","embeddable":true,"href":"https:\/\/www.egemtv.com\/index.php?rest_route=%2Fwp%2Fv2%2Fcategories&post=30870"},{"taxonomy":"post_tag","embeddable":true,"href":"https:\/\/www.egemtv.com\/index.php?rest_route=%2Fwp%2Fv2%2Ftags&post=30870"}],"curies":[{"name":"wp","href":"https:\/\/api.w.org\/{rel}","templated":true}]}}