{"id":30864,"date":"2025-05-23T12:36:27","date_gmt":"2025-05-23T09:36:27","guid":{"rendered":"https:\/\/www.egemtv.com\/?p=30864"},"modified":"2025-05-23T12:36:31","modified_gmt":"2025-05-23T09:36:31","slug":"alasehir-anadolu-imam-hatip-lisesinden-hava-sporlarinda-buyuk-basari","status":"publish","type":"post","link":"https:\/\/www.egemtv.com\/?p=30864","title":{"rendered":"Ala\u015fehir Anadolu \u0130mam Hatip Lisesi\u2019nden hava sporlar\u0131nda b\u00fcy\u00fck ba\u015far\u0131"},"content":{"rendered":"<p>Manisa\u2019n\u0131n Ala\u015fehir il\u00e7esindeki Anadolu \u0130mam Hatip Lisesi Fen ve Sosyal Bilimler Proje Okulu, Okul Hava Sporlar\u0131 kapsam\u0131nda U\u015fak\u2019ta d\u00fczenlenen Model Roket T\u00fcrkiye \u015eampiyonas\u0131\u2019nda birincilik kazand\u0131. \u015eampiyon \u00f6\u011frenciler madalya, kupa ve model u\u00e7aklar\u0131 ile Ala\u015fehir \u0130l\u00e7e Milli E\u011fitim M\u00fcd\u00fcr\u00fc Fikri \u00c7etinkaya\u2019y\u0131 ziyaret etti.<br \/>\n<br \/>Gen\u00e7lik ve Spor Bakanl\u0131\u011f\u0131 taraf\u0131ndan Okul Hava Sporlar\u0131 kapsam\u0131nda d\u00fczenlenen Model Roket T\u00fcrkiye \u015eampiyonas\u0131nda, 25 tak\u0131m\u0131n kat\u0131ld\u0131\u011f\u0131 k\u0131zlar kategorisinde Ala\u015fehirli k\u0131z tak\u0131m\u0131 T\u00fcrkiye \u015fampiyonu olurken, 42 tak\u0131m\u0131n yar\u0131\u015ft\u0131\u011f\u0131 erkekler kategorisinde de okulun erkek tak\u0131m\u0131 T\u00fcrkiye \u015fampiyonlu\u011fu elde etti. Ayn\u0131 organizasyon kapsam\u0131nda d\u00fczenlenen Model Plan\u00f6r T\u00fcrkiye \u015eampiyonas\u0131nda ise k\u0131z ve erkek tak\u0131mlar\u0131 T\u00fcrkiye \u00fc\u00e7\u00fcnc\u00fcs\u00fc oldu. Bireysel yar\u0131\u015fmalarda da b\u00fcy\u00fck ba\u015far\u0131 g\u00f6steren \u00f6\u011frenciler, toplamda 2 birincilik kupas\u0131, 12 alt\u0131n madalya, 2 \u00fc\u00e7\u00fcnc\u00fcl\u00fck kupas\u0131 ve 12 bronz madalya kazand\u0131.<br \/>\n<br \/>Ba\u015far\u0131l\u0131 \u00f6\u011frenciler, Okul M\u00fcd\u00fcr\u00fc Ayd\u0131n G\u00f6rge\u00e7 ba\u015fkanl\u0131\u011f\u0131nda \u00f6\u011fretmenleri Hasan Ersin ve Ayhan Ayy\u0131ld\u0131z ile birlikte Ala\u015fehir \u0130l\u00e7e Milli E\u011fitim M\u00fcd\u00fcr\u00fc Fikri \u00c7etinkaya\u2019y\u0131 ziyaret etti. Ziyarette konu\u015fan \u0130l\u00e7e Milli E\u011fitim M\u00fcd\u00fcr\u00fc Fikri \u00c7etinkaya, &#8220;Ba\u015fta okul idaremizi ve \u00f6\u011fretmenlerimizi bu ba\u015far\u0131ya katk\u0131lar\u0131ndan dolay\u0131 kutluyorum. Derslerini aksatmadan \u00f6zveriyle \u00e7al\u0131\u015fan \u00f6\u011frencilerimiz bizleri gururland\u0131rd\u0131. \u015eimdi hedefimiz d\u00fcnya \u015fampiyonas\u0131 olmal\u0131. Sizler il\u00e7emizin, ilimizin ve art\u0131k T\u00fcrkiye\u2019nin gururusunuz. Model Roket dal\u0131nda T\u00fcrkiye birincili\u011fi, Model Plan\u00f6r dal\u0131nda T\u00fcrkiye \u00fc\u00e7\u00fcnc\u00fcl\u00fc\u011f\u00fc elde ederek bizleri onurland\u0131rd\u0131n\u0131z. Bu ba\u015far\u0131lar\u0131n artarak devam edece\u011fine inan\u0131yorum&#8221; ifadelerini kulland\u0131.<br \/>\n<br \/>\u015eampiyon \u00f6\u011frenciler, \u00f6n\u00fcm\u00fczdeki g\u00fcnlerde d\u00fczenlenecek olan milli tak\u0131m se\u00e7melerinde de ba\u015far\u0131l\u0131 olarak T\u00fcrkiye\u2019yi d\u00fcnya \u015fampiyonas\u0131nda temsil etmeyi hedefliyor.<br \/><\/p>\n","protected":false},"excerpt":{"rendered":"<p>Manisa\u2019n\u0131n Ala\u015fehir il\u00e7esindeki Anadolu \u0130mam Hatip Lisesi Fen ve Sosyal Bilimler Proje Okulu, Okul Hava Sporlar\u0131 kapsam\u0131nda U\u015fak\u2019ta d\u00fczenlenen Model Roket T\u00fcrkiye \u015eampiyonas\u0131\u2019nda birincilik kazand\u0131. \u015eampiyon \u00f6\u011frenciler madalya, kupa ve model u\u00e7aklar\u0131 ile Ala\u015fehir \u0130l\u00e7e Milli E\u011fitim M\u00fcd\u00fcr\u00fc Fikri \u00c7etinkaya\u2019y\u0131 ziyaret etti. Gen\u00e7lik ve Spor Bakanl\u0131\u011f\u0131 taraf\u0131ndan Okul Hava Sporlar\u0131 kapsam\u0131nda d\u00fczenlenen Model Roket T\u00fcrkiye&#8230;<\/p>\n","protected":false},"author":1,"featured_media":30865,"comment_status":"open","ping_status":"open","sticky":false,"template":"","format":"standard","meta":{"_crdt_document":"","footnotes":""},"categories":[4],"tags":[],"class_list":["post-30864","post","type-post","status-publish","format-standard","has-post-thumbnail","hentry","category-spor"],"_links":{"self":[{"href":"https:\/\/www.egemtv.com\/index.php?rest_route=\/wp\/v2\/posts\/30864","targetHints":{"allow":["GET"]}}],"collection":[{"href":"https:\/\/www.egemtv.com\/index.php?rest_route=\/wp\/v2\/posts"}],"about":[{"href":"https:\/\/www.egemtv.com\/index.php?rest_route=\/wp\/v2\/types\/post"}],"author":[{"embeddable":true,"href":"https:\/\/www.egemtv.com\/index.php?rest_route=\/wp\/v2\/users\/1"}],"replies":[{"embeddable":true,"href":"https:\/\/www.egemtv.com\/index.php?rest_route=%2Fwp%2Fv2%2Fcomments&post=30864"}],"version-history":[{"count":1,"href":"https:\/\/www.egemtv.com\/index.php?rest_route=\/wp\/v2\/posts\/30864\/revisions"}],"predecessor-version":[{"id":30866,"href":"https:\/\/www.egemtv.com\/index.php?rest_route=\/wp\/v2\/posts\/30864\/revisions\/30866"}],"wp:featuredmedia":[{"embeddable":true,"href":"https:\/\/www.egemtv.com\/index.php?rest_route=\/wp\/v2\/media\/30865"}],"wp:attachment":[{"href":"https:\/\/www.egemtv.com\/index.php?rest_route=%2Fwp%2Fv2%2Fmedia&parent=30864"}],"wp:term":[{"taxonomy":"category","embeddable":true,"href":"https:\/\/www.egemtv.com\/index.php?rest_route=%2Fwp%2Fv2%2Fcategories&post=30864"},{"taxonomy":"post_tag","embeddable":true,"href":"https:\/\/www.egemtv.com\/index.php?rest_route=%2Fwp%2Fv2%2Ftags&post=30864"}],"curies":[{"name":"wp","href":"https:\/\/api.w.org\/{rel}","templated":true}]}}