{"id":30861,"date":"2025-05-23T12:36:22","date_gmt":"2025-05-23T09:36:22","guid":{"rendered":"https:\/\/www.egemtv.com\/?p=30861"},"modified":"2025-05-23T12:36:26","modified_gmt":"2025-05-23T09:36:26","slug":"masa-tenisinde-kazananlar-belli-oldu","status":"publish","type":"post","link":"https:\/\/www.egemtv.com\/?p=30861","title":{"rendered":"Masa tenisinde kazananlar belli oldu"},"content":{"rendered":"<p>Sar\u0131g\u00f6l \u0130l\u00e7e Gen\u00e7lik ve Spor M\u00fcd\u00fcrl\u00fc\u011f\u00fc taraf\u0131ndan Gen\u00e7lik Haftas\u0131 etkinlikleri kapsam\u0131nda d\u00fczenlenen liseler aras\u0131 masa tenisi turnuvas\u0131, heyecan dolu m\u00fcsabakalar\u0131n ard\u0131ndan sona erdi.<br \/>\n<br \/>Sar\u0131g\u00f6l KYK Spor Salonu\u2019nda ger\u00e7ekle\u015ftirilen turnuvaya Sar\u0131g\u00f6l Hayriye Ert\u00fcrk Anadolu Lisesi, Sar\u0131g\u00f6l \u0130mam Hatip Anadolu Lisesi, Sar\u0131g\u00f6l Milli Egemenlik \u00c7ok Programl\u0131 Anadolu Lisesi ve Sar\u0131g\u00f6l Mesleki ve Teknik Anadolu Lisesi \u00f6\u011frencileri kat\u0131ld\u0131.<br \/>\n<br \/>Turnuva sonunda k\u0131zlar kategorisinde: 1. Ela Ald\u0131\u00e7 (Sar\u0131g\u00f6l Milli Egemenlik \u00c7ok Programl\u0131 Anadolu Lisesi), 2. \u00dcmran \u0130lme\u00e7 (Sar\u0131g\u00f6l Milli Egemenlik \u00c7ok Programl\u0131 Anadolu Lisesi), 3. M\u00fczeyyen Tufan (Hayriye Ert\u00fcrk Anadolu Lisesi) oldu.<br \/>\n<br \/>Erkekler kategorisinde ise: 1. Alihan Aslan (Sar\u0131g\u00f6l Mesleki ve Teknik Anadolu Lisesi), 2. Murat \u00c7\u0131ld\u0131r (Sar\u0131g\u00f6l Mesleki ve Teknik Anadolu Lisesi), 3. Halil Yeti\u015f (Sar\u0131g\u00f6l Milli Egemenlik \u00c7ok Programl\u0131 Anadolu Lisesi) dereceye girerek madalya almaya hak kazand\u0131.<br \/>\n<br \/>Turnuva sonunda dereceye giren \u00f6\u011frencilere madalyalar\u0131, Sar\u0131g\u00f6l \u0130l\u00e7e Gen\u00e7lik ve Spor M\u00fcd\u00fcr\u00fc G\u00f6khan Y\u0131ld\u0131r\u0131m taraf\u0131ndan takdim edildi.<br \/>\n<br \/>Gen\u00e7lik ve Spor M\u00fcd\u00fcr\u00fc G\u00f6khan Y\u0131ld\u0131r\u0131m, turnuvaya kat\u0131lan t\u00fcm okul tak\u0131mlar\u0131na, \u00f6\u011frencilere ve \u00f6\u011fretmenlere te\u015fekk\u00fcr ederek, gen\u00e7lerin spora olan ilgisinin memnuniyet verici oldu\u011funu ifade etti.<br \/><\/p>\n","protected":false},"excerpt":{"rendered":"<p>Sar\u0131g\u00f6l \u0130l\u00e7e Gen\u00e7lik ve Spor M\u00fcd\u00fcrl\u00fc\u011f\u00fc taraf\u0131ndan Gen\u00e7lik Haftas\u0131 etkinlikleri kapsam\u0131nda d\u00fczenlenen liseler aras\u0131 masa tenisi turnuvas\u0131, heyecan dolu m\u00fcsabakalar\u0131n ard\u0131ndan sona erdi. Sar\u0131g\u00f6l KYK Spor Salonu\u2019nda ger\u00e7ekle\u015ftirilen turnuvaya Sar\u0131g\u00f6l Hayriye Ert\u00fcrk Anadolu Lisesi, Sar\u0131g\u00f6l \u0130mam Hatip Anadolu Lisesi, Sar\u0131g\u00f6l Milli Egemenlik \u00c7ok Programl\u0131 Anadolu Lisesi ve Sar\u0131g\u00f6l Mesleki ve Teknik Anadolu Lisesi \u00f6\u011frencileri kat\u0131ld\u0131&#8230;.<\/p>\n","protected":false},"author":1,"featured_media":30862,"comment_status":"open","ping_status":"open","sticky":false,"template":"","format":"standard","meta":{"_crdt_document":"","footnotes":""},"categories":[4],"tags":[],"class_list":["post-30861","post","type-post","status-publish","format-standard","has-post-thumbnail","hentry","category-spor"],"_links":{"self":[{"href":"https:\/\/www.egemtv.com\/index.php?rest_route=\/wp\/v2\/posts\/30861","targetHints":{"allow":["GET"]}}],"collection":[{"href":"https:\/\/www.egemtv.com\/index.php?rest_route=\/wp\/v2\/posts"}],"about":[{"href":"https:\/\/www.egemtv.com\/index.php?rest_route=\/wp\/v2\/types\/post"}],"author":[{"embeddable":true,"href":"https:\/\/www.egemtv.com\/index.php?rest_route=\/wp\/v2\/users\/1"}],"replies":[{"embeddable":true,"href":"https:\/\/www.egemtv.com\/index.php?rest_route=%2Fwp%2Fv2%2Fcomments&post=30861"}],"version-history":[{"count":1,"href":"https:\/\/www.egemtv.com\/index.php?rest_route=\/wp\/v2\/posts\/30861\/revisions"}],"predecessor-version":[{"id":30863,"href":"https:\/\/www.egemtv.com\/index.php?rest_route=\/wp\/v2\/posts\/30861\/revisions\/30863"}],"wp:featuredmedia":[{"embeddable":true,"href":"https:\/\/www.egemtv.com\/index.php?rest_route=\/wp\/v2\/media\/30862"}],"wp:attachment":[{"href":"https:\/\/www.egemtv.com\/index.php?rest_route=%2Fwp%2Fv2%2Fmedia&parent=30861"}],"wp:term":[{"taxonomy":"category","embeddable":true,"href":"https:\/\/www.egemtv.com\/index.php?rest_route=%2Fwp%2Fv2%2Fcategories&post=30861"},{"taxonomy":"post_tag","embeddable":true,"href":"https:\/\/www.egemtv.com\/index.php?rest_route=%2Fwp%2Fv2%2Ftags&post=30861"}],"curies":[{"name":"wp","href":"https:\/\/api.w.org\/{rel}","templated":true}]}}