{"id":30858,"date":"2025-05-23T12:15:26","date_gmt":"2025-05-23T09:15:26","guid":{"rendered":"https:\/\/www.egemtv.com\/?p=30858"},"modified":"2025-05-23T12:15:31","modified_gmt":"2025-05-23T09:15:31","slug":"gencler-biyoloji-ile-bulustu","status":"publish","type":"post","link":"https:\/\/www.egemtv.com\/?p=30858","title":{"rendered":"Gen\u00e7ler biyoloji ile bulu\u015ftu"},"content":{"rendered":"<p>MAN\u0130SA (\u0130HA) \u2013 Manisa Celal Bayar \u00dcniversitesi (MCB\u00dc) Biyoloji B\u00f6l\u00fcm\u00fc taraf\u0131ndan y\u00fcr\u00fct\u00fclen &#8220;MCB\u00dc ile Biyoloji Her Yerde&#8221; projesinin be\u015fincisi, Ala\u015fehir Fen Lisesi\u2019nde ger\u00e7ekle\u015ftirildi. Etkinlikte, \u00fcniversitenin \u00f6\u011fretim \u00fcyeleri, Sosyal Sorumluluk Projesi dersi \u00f6\u011frencileri ve g\u00f6n\u00fcll\u00fclerden olu\u015fan 57 ki\u015filik ekip yer ald\u0131.<br \/>\n<br \/>Proje kapsam\u0131nda, bilimsel ara\u00e7 ve gere\u00e7lerin s\u0131n\u0131rl\u0131 oldu\u011fu liselerde bir g\u00fcnl\u00fck biyoloji temal\u0131 etkinlikler d\u00fczenleniyor. Ala\u015fehir\u2019de ger\u00e7ekle\u015ftirilen etkinlikte 22 farkl\u0131 uygulama masas\u0131 kuruldu. \u00d6\u011frenciler, \u00e7e\u015fitli deneyler yaparak, sergileri gezerek ve interaktif uygulamalara kat\u0131larak biyoloji bilimini yak\u0131ndan tan\u0131ma f\u0131rsat\u0131 buldu.<br \/>\n<br \/>Etkinli\u011fe, Ala\u015fehir \u0130l\u00e7e Milli E\u011fitim M\u00fcd\u00fcr\u00fc Fikri \u00c7etinkaya, \u015eube M\u00fcd\u00fcr\u00fc Latif Akg\u00fcn, Okul M\u00fcd\u00fcr\u00fc Emiullah Yavuz, \u00f6\u011fretmenler ve yakla\u015f\u0131k 300 \u00f6\u011frenci kat\u0131ld\u0131.<br \/>\n<br \/>Projeye, AFAD Manisa \u0130l M\u00fcd\u00fcrl\u00fc\u011f\u00fc ile T\u00fcrk K\u0131z\u0131lay Manisa \u015eubesi de destek verdi. K\u0131z\u0131lay; &#8220;Kan Gruplar\u0131 ve Belirlenmesi&#8221;, &#8220;Temel Ya\u015fam Deste\u011fi&#8221; ve &#8220;\u0130lk Yard\u0131m Uygulamalar\u0131&#8221; konular\u0131nda stantlar a\u00e7arken, AFAD ise Kimyasal, Biyolojik, Radyolojik ve N\u00fckleer (KBRN) tehditlere kar\u015f\u0131 kullan\u0131lan ekipmanlar\u0131 tan\u0131tt\u0131. Kat\u0131l\u0131mc\u0131lar, KBRN k\u0131yafetlerini ve dekontaminasyon ara\u00e7lar\u0131n\u0131 yak\u0131ndan inceledi.<br \/>\n<br \/>Etkinli\u011fin ula\u015f\u0131m deste\u011fi Manisa B\u00fcy\u00fck\u015fehir Belediyesi taraf\u0131ndan sa\u011flan\u0131rken, t\u00fcm malzeme temini Manisa Celal Bayar \u00dcniversitesi taraf\u0131ndan kar\u015f\u0131land\u0131.<br \/>\n<br \/>Proje Koordinat\u00f6r\u00fc ve MCB\u00dc Biyoloji B\u00f6l\u00fcm Ba\u015fkan\u0131 Prof. Dr. Ersin Minareci, projeyle bilimi toplumla bulu\u015fturmay\u0131 ama\u00e7lad\u0131klar\u0131n\u0131 belirterek, &#8220;Toplumun i\u00e7inde var olmay\u0131, de\u011fi\u015fimin ve d\u00f6n\u00fc\u015f\u00fcm\u00fcn \u00f6nc\u00fcl\u00fc\u011f\u00fcn\u00fc yapmay\u0131 \u00e7ok \u00f6nemsiyoruz.&#8221; dedi. Minareci, projenin s\u00fcrd\u00fcr\u00fclebilir olmas\u0131n\u0131 temenni etti\u011fini ifade etti.<br \/>\n<br \/>\u0130l\u00e7e Milli E\u011fitim M\u00fcd\u00fcr\u00fc Fikri \u00c7etinkaya ise etkinli\u011fi yerinde takip ederek, &#8220;En iyi \u00f6\u011frenme y\u00f6ntemi, yaparak ve ya\u015fayarak \u00f6\u011frenmektir. Celal Bayar \u00dcniversitesi hocalar\u0131m\u0131z\u0131n \u00f6zverisiyle ger\u00e7ekle\u015fen bu proje sayesinde \u00f6\u011frencilerimiz uygulamal\u0131 olarak bilgi sahibi oldular. Eme\u011fi ge\u00e7en herkesi kutluyorum.&#8221; ifadelerini kulland\u0131.<br \/>\n<br \/>Etkinlik, Okul M\u00fcd\u00fcr\u00fc Emiullah Yavuz\u2019un kat\u0131l\u0131mc\u0131lara te\u015fekk\u00fcr belgelerini takdim etmesiyle sona erdi.<br \/><\/p>\n","protected":false},"excerpt":{"rendered":"<p>MAN\u0130SA (\u0130HA) \u2013 Manisa Celal Bayar \u00dcniversitesi (MCB\u00dc) Biyoloji B\u00f6l\u00fcm\u00fc taraf\u0131ndan y\u00fcr\u00fct\u00fclen &#8220;MCB\u00dc ile Biyoloji Her Yerde&#8221; projesinin be\u015fincisi, Ala\u015fehir Fen Lisesi\u2019nde ger\u00e7ekle\u015ftirildi. Etkinlikte, \u00fcniversitenin \u00f6\u011fretim \u00fcyeleri, Sosyal Sorumluluk Projesi dersi \u00f6\u011frencileri ve g\u00f6n\u00fcll\u00fclerden olu\u015fan 57 ki\u015filik ekip yer ald\u0131. Proje kapsam\u0131nda, bilimsel ara\u00e7 ve gere\u00e7lerin s\u0131n\u0131rl\u0131 oldu\u011fu liselerde bir g\u00fcnl\u00fck biyoloji temal\u0131 etkinlikler d\u00fczenleniyor&#8230;.<\/p>\n","protected":false},"author":1,"featured_media":30859,"comment_status":"open","ping_status":"open","sticky":false,"template":"","format":"standard","meta":{"_crdt_document":"","footnotes":""},"categories":[1],"tags":[],"class_list":["post-30858","post","type-post","status-publish","format-standard","has-post-thumbnail","hentry","category-guncel"],"_links":{"self":[{"href":"https:\/\/www.egemtv.com\/index.php?rest_route=\/wp\/v2\/posts\/30858","targetHints":{"allow":["GET"]}}],"collection":[{"href":"https:\/\/www.egemtv.com\/index.php?rest_route=\/wp\/v2\/posts"}],"about":[{"href":"https:\/\/www.egemtv.com\/index.php?rest_route=\/wp\/v2\/types\/post"}],"author":[{"embeddable":true,"href":"https:\/\/www.egemtv.com\/index.php?rest_route=\/wp\/v2\/users\/1"}],"replies":[{"embeddable":true,"href":"https:\/\/www.egemtv.com\/index.php?rest_route=%2Fwp%2Fv2%2Fcomments&post=30858"}],"version-history":[{"count":1,"href":"https:\/\/www.egemtv.com\/index.php?rest_route=\/wp\/v2\/posts\/30858\/revisions"}],"predecessor-version":[{"id":30860,"href":"https:\/\/www.egemtv.com\/index.php?rest_route=\/wp\/v2\/posts\/30858\/revisions\/30860"}],"wp:featuredmedia":[{"embeddable":true,"href":"https:\/\/www.egemtv.com\/index.php?rest_route=\/wp\/v2\/media\/30859"}],"wp:attachment":[{"href":"https:\/\/www.egemtv.com\/index.php?rest_route=%2Fwp%2Fv2%2Fmedia&parent=30858"}],"wp:term":[{"taxonomy":"category","embeddable":true,"href":"https:\/\/www.egemtv.com\/index.php?rest_route=%2Fwp%2Fv2%2Fcategories&post=30858"},{"taxonomy":"post_tag","embeddable":true,"href":"https:\/\/www.egemtv.com\/index.php?rest_route=%2Fwp%2Fv2%2Ftags&post=30858"}],"curies":[{"name":"wp","href":"https:\/\/api.w.org\/{rel}","templated":true}]}}