{"id":30855,"date":"2025-05-23T12:15:20","date_gmt":"2025-05-23T09:15:20","guid":{"rendered":"https:\/\/www.egemtv.com\/?p=30855"},"modified":"2025-05-23T12:15:26","modified_gmt":"2025-05-23T09:15:26","slug":"genclerin-yaralandigi-motosiklet-kazasi-guvenlik-kamerasinda","status":"publish","type":"post","link":"https:\/\/www.egemtv.com\/?p=30855","title":{"rendered":"Gen\u00e7lerin yaraland\u0131\u011f\u0131 motosiklet kazas\u0131 g\u00fcvenlik kameras\u0131nda"},"content":{"rendered":"<p>Afyonkarahisar\u2019da \u00e7ukura girip ard\u0131ndan kald\u0131r\u0131ma \u00e7\u0131k\u0131p duvara \u00e7arpan ve 2 gencin yaraland\u0131\u011f\u0131 kaza saniye saniye g\u00fcvenlik kameralar\u0131na yans\u0131d\u0131.<br \/>\n<br \/>Kaza, Sultanda\u011f\u0131 il\u00e7e merkezinde meydana geldi. Edinilen bilgilere g\u00f6re, M.B.\u2019nin (18) kulland\u0131\u011f\u0131 motosiklet, yoldaki \u00e7ukura girdikten sonra kontrolden \u00e7\u0131kt\u0131. Savrulan ara\u00e7 \u00f6nce kald\u0131r\u0131ma \u00e7\u0131kt\u0131 ard\u0131ndan duvara \u00e7arparak durabildi. Kazada s\u00fcr\u00fcc\u00fc ile birlikte yan\u0131nda bulunan B.S. (17) isimli gen\u00e7 yaraland\u0131. Yaral\u0131lar kazan\u0131n ard\u0131ndan \u00e7evredekilerin haber vermesi \u00fczerine olay yerine gelen ambulanslarla hastanelere kald\u0131r\u0131ld\u0131.<br \/>\n<br \/>Ya\u015fanan kaza saniye saniye g\u00fcvenlik kameralar\u0131na yans\u0131d\u0131.<br \/><\/p>\n","protected":false},"excerpt":{"rendered":"<p>Afyonkarahisar\u2019da \u00e7ukura girip ard\u0131ndan kald\u0131r\u0131ma \u00e7\u0131k\u0131p duvara \u00e7arpan ve 2 gencin yaraland\u0131\u011f\u0131 kaza saniye saniye g\u00fcvenlik kameralar\u0131na yans\u0131d\u0131. Kaza, Sultanda\u011f\u0131 il\u00e7e merkezinde meydana geldi. Edinilen bilgilere g\u00f6re, M.B.\u2019nin (18) kulland\u0131\u011f\u0131 motosiklet, yoldaki \u00e7ukura girdikten sonra kontrolden \u00e7\u0131kt\u0131. Savrulan ara\u00e7 \u00f6nce kald\u0131r\u0131ma \u00e7\u0131kt\u0131 ard\u0131ndan duvara \u00e7arparak durabildi. Kazada s\u00fcr\u00fcc\u00fc ile birlikte yan\u0131nda bulunan B.S. (17) isimli&#8230;<\/p>\n","protected":false},"author":1,"featured_media":30856,"comment_status":"open","ping_status":"open","sticky":false,"template":"","format":"standard","meta":{"_crdt_document":"","footnotes":""},"categories":[5],"tags":[],"class_list":["post-30855","post","type-post","status-publish","format-standard","has-post-thumbnail","hentry","category-asayis"],"_links":{"self":[{"href":"https:\/\/www.egemtv.com\/index.php?rest_route=\/wp\/v2\/posts\/30855","targetHints":{"allow":["GET"]}}],"collection":[{"href":"https:\/\/www.egemtv.com\/index.php?rest_route=\/wp\/v2\/posts"}],"about":[{"href":"https:\/\/www.egemtv.com\/index.php?rest_route=\/wp\/v2\/types\/post"}],"author":[{"embeddable":true,"href":"https:\/\/www.egemtv.com\/index.php?rest_route=\/wp\/v2\/users\/1"}],"replies":[{"embeddable":true,"href":"https:\/\/www.egemtv.com\/index.php?rest_route=%2Fwp%2Fv2%2Fcomments&post=30855"}],"version-history":[{"count":1,"href":"https:\/\/www.egemtv.com\/index.php?rest_route=\/wp\/v2\/posts\/30855\/revisions"}],"predecessor-version":[{"id":30857,"href":"https:\/\/www.egemtv.com\/index.php?rest_route=\/wp\/v2\/posts\/30855\/revisions\/30857"}],"wp:featuredmedia":[{"embeddable":true,"href":"https:\/\/www.egemtv.com\/index.php?rest_route=\/wp\/v2\/media\/30856"}],"wp:attachment":[{"href":"https:\/\/www.egemtv.com\/index.php?rest_route=%2Fwp%2Fv2%2Fmedia&parent=30855"}],"wp:term":[{"taxonomy":"category","embeddable":true,"href":"https:\/\/www.egemtv.com\/index.php?rest_route=%2Fwp%2Fv2%2Fcategories&post=30855"},{"taxonomy":"post_tag","embeddable":true,"href":"https:\/\/www.egemtv.com\/index.php?rest_route=%2Fwp%2Fv2%2Ftags&post=30855"}],"curies":[{"name":"wp","href":"https:\/\/api.w.org\/{rel}","templated":true}]}}