{"id":30852,"date":"2025-05-23T12:15:16","date_gmt":"2025-05-23T09:15:16","guid":{"rendered":"https:\/\/www.egemtv.com\/?p=30852"},"modified":"2025-05-23T12:15:20","modified_gmt":"2025-05-23T09:15:20","slug":"dumlupinarli-sehit-er-yasar-yildiz-dualarla-anildi","status":"publish","type":"post","link":"https:\/\/www.egemtv.com\/?p=30852","title":{"rendered":"Dumlup\u0131narl\u0131 \u015fehit er Ya\u015far Y\u0131ld\u0131z dualarla an\u0131ld\u0131"},"content":{"rendered":"<p>Dumlup\u0131narl\u0131 \u015fehit P. Er Ya\u015far Y\u0131ld\u0131z \u015fehadetinin 26. y\u0131l d\u00f6n\u00fcm\u00fcnde kabri ba\u015f\u0131nda dualarla an\u0131ld\u0131.<br \/>\n<br \/>\u0130l\u00e7e Kaymakam\u0131 Alperen Teltik, ilgili kurum amirleri ile birlikte 23 May\u0131s 1999 y\u0131l\u0131nda Hakkari\u2019de \u015eehit olan P. Er Ya\u015far Y\u0131ld\u0131z\u2019\u0131n vefat\u0131n\u0131n sene-i devriyesinde kabrini ziyaret etti. \u015eehit Y\u0131ld\u0131z\u2019\u0131n ailesi ve yak\u0131nlar\u0131n\u0131n da kat\u0131ld\u0131\u011f\u0131 ziyarette \u0130l\u00e7e M\u00fcft\u00fcs\u00fc Abd\u00fclmetin Yal\u00e7\u0131n\u2019\u0131n Kuran-\u0131 Kerim tilavetinin ard\u0131ndan t\u00fcm \u015fehitler i\u00e7in dua edildi.<br \/><\/p>\n","protected":false},"excerpt":{"rendered":"<p>Dumlup\u0131narl\u0131 \u015fehit P. Er Ya\u015far Y\u0131ld\u0131z \u015fehadetinin 26. y\u0131l d\u00f6n\u00fcm\u00fcnde kabri ba\u015f\u0131nda dualarla an\u0131ld\u0131. \u0130l\u00e7e Kaymakam\u0131 Alperen Teltik, ilgili kurum amirleri ile birlikte 23 May\u0131s 1999 y\u0131l\u0131nda Hakkari\u2019de \u015eehit olan P. Er Ya\u015far Y\u0131ld\u0131z\u2019\u0131n vefat\u0131n\u0131n sene-i devriyesinde kabrini ziyaret etti. \u015eehit Y\u0131ld\u0131z\u2019\u0131n ailesi ve yak\u0131nlar\u0131n\u0131n da kat\u0131ld\u0131\u011f\u0131 ziyarette \u0130l\u00e7e M\u00fcft\u00fcs\u00fc Abd\u00fclmetin Yal\u00e7\u0131n\u2019\u0131n Kuran-\u0131 Kerim tilavetinin&#8230;<\/p>\n","protected":false},"author":1,"featured_media":30853,"comment_status":"open","ping_status":"open","sticky":false,"template":"","format":"standard","meta":{"_crdt_document":"","footnotes":""},"categories":[123],"tags":[],"class_list":["post-30852","post","type-post","status-publish","format-standard","has-post-thumbnail","hentry","category-gundem"],"_links":{"self":[{"href":"https:\/\/www.egemtv.com\/index.php?rest_route=\/wp\/v2\/posts\/30852","targetHints":{"allow":["GET"]}}],"collection":[{"href":"https:\/\/www.egemtv.com\/index.php?rest_route=\/wp\/v2\/posts"}],"about":[{"href":"https:\/\/www.egemtv.com\/index.php?rest_route=\/wp\/v2\/types\/post"}],"author":[{"embeddable":true,"href":"https:\/\/www.egemtv.com\/index.php?rest_route=\/wp\/v2\/users\/1"}],"replies":[{"embeddable":true,"href":"https:\/\/www.egemtv.com\/index.php?rest_route=%2Fwp%2Fv2%2Fcomments&post=30852"}],"version-history":[{"count":1,"href":"https:\/\/www.egemtv.com\/index.php?rest_route=\/wp\/v2\/posts\/30852\/revisions"}],"predecessor-version":[{"id":30854,"href":"https:\/\/www.egemtv.com\/index.php?rest_route=\/wp\/v2\/posts\/30852\/revisions\/30854"}],"wp:featuredmedia":[{"embeddable":true,"href":"https:\/\/www.egemtv.com\/index.php?rest_route=\/wp\/v2\/media\/30853"}],"wp:attachment":[{"href":"https:\/\/www.egemtv.com\/index.php?rest_route=%2Fwp%2Fv2%2Fmedia&parent=30852"}],"wp:term":[{"taxonomy":"category","embeddable":true,"href":"https:\/\/www.egemtv.com\/index.php?rest_route=%2Fwp%2Fv2%2Fcategories&post=30852"},{"taxonomy":"post_tag","embeddable":true,"href":"https:\/\/www.egemtv.com\/index.php?rest_route=%2Fwp%2Fv2%2Ftags&post=30852"}],"curies":[{"name":"wp","href":"https:\/\/api.w.org\/{rel}","templated":true}]}}