{"id":30849,"date":"2025-05-23T11:56:37","date_gmt":"2025-05-23T08:56:37","guid":{"rendered":"https:\/\/www.egemtv.com\/?p=30849"},"modified":"2025-05-23T11:56:42","modified_gmt":"2025-05-23T08:56:42","slug":"tavsanlida-fide-cesitliligi-ile-verimli-sezon-bekleniyor","status":"publish","type":"post","link":"https:\/\/www.egemtv.com\/?p=30849","title":{"rendered":"Tav\u015fanl\u0131\u2019da fide \u00e7e\u015fitlili\u011fi ile verimli sezon bekleniyor"},"content":{"rendered":"<p>K\u00fctahya\u2019n\u0131n Tav\u015fanl\u0131 il\u00e7esinde 2025 y\u0131l\u0131 fide sezonunu a\u00e7\u0131ld\u0131.<br \/>\n<br \/>Santral sokaktaki Eski Bal\u0131k Pazar\u0131 alan\u0131nda fide sat\u0131\u015f\u0131 yapan Kadir \u015eabahat, her y\u0131l oldu\u011fu gibi bu sene de zengin bir \u00e7e\u015fitlilikle hizmet verdiklerini belirtti. Sezonun hay\u0131rl\u0131 olmas\u0131 dile\u011finde bulunan \u015eabahat, &#8220;\u00c7e\u015fitli domates ve biber \u00e7e\u015fitlerimizin yan\u0131 s\u0131ra ata tohumlar\u0131m\u0131z da var&#8221; dedi.<br \/>\n<br \/>A\u00e7\u0131k tarla dikimlerinin ne zaman ba\u015flayaca\u011f\u0131na da de\u011finen Kadir \u015eabahat, &#8220;Arkada\u015flar\u0131m\u0131z May\u0131s\u2019\u0131n 20\u2019sinden itibaren normal a\u00e7\u0131k tarla \u00e7ift\u00e7ilerimiz dikimlere ba\u015flad\u0131. Bu s\u00fcre\u00e7 her sene Haziran\u2019\u0131n 20\u2019sine kadar s\u00fcr\u00fcyordu. Bu sene bahar biraz daha ge\u00e7 geldi\u011fi i\u00e7in s\u00fcre\u00e7 biraz daha uzad\u0131. Bu nedenle Haziran sonuna kadar elimizde b\u00fct\u00fcn \u00fcr\u00fcnler mevcut olacak&#8221; \u015feklinde konu\u015ftu.<br \/><\/p>\n","protected":false},"excerpt":{"rendered":"<p>K\u00fctahya\u2019n\u0131n Tav\u015fanl\u0131 il\u00e7esinde 2025 y\u0131l\u0131 fide sezonunu a\u00e7\u0131ld\u0131. Santral sokaktaki Eski Bal\u0131k Pazar\u0131 alan\u0131nda fide sat\u0131\u015f\u0131 yapan Kadir \u015eabahat, her y\u0131l oldu\u011fu gibi bu sene de zengin bir \u00e7e\u015fitlilikle hizmet verdiklerini belirtti. Sezonun hay\u0131rl\u0131 olmas\u0131 dile\u011finde bulunan \u015eabahat, &#8220;\u00c7e\u015fitli domates ve biber \u00e7e\u015fitlerimizin yan\u0131 s\u0131ra ata tohumlar\u0131m\u0131z da var&#8221; dedi. A\u00e7\u0131k tarla dikimlerinin ne zaman&#8230;<\/p>\n","protected":false},"author":1,"featured_media":30850,"comment_status":"open","ping_status":"open","sticky":false,"template":"","format":"standard","meta":{"_crdt_document":"","footnotes":""},"categories":[125],"tags":[],"class_list":["post-30849","post","type-post","status-publish","format-standard","has-post-thumbnail","hentry","category-ekonomi"],"_links":{"self":[{"href":"https:\/\/www.egemtv.com\/index.php?rest_route=\/wp\/v2\/posts\/30849","targetHints":{"allow":["GET"]}}],"collection":[{"href":"https:\/\/www.egemtv.com\/index.php?rest_route=\/wp\/v2\/posts"}],"about":[{"href":"https:\/\/www.egemtv.com\/index.php?rest_route=\/wp\/v2\/types\/post"}],"author":[{"embeddable":true,"href":"https:\/\/www.egemtv.com\/index.php?rest_route=\/wp\/v2\/users\/1"}],"replies":[{"embeddable":true,"href":"https:\/\/www.egemtv.com\/index.php?rest_route=%2Fwp%2Fv2%2Fcomments&post=30849"}],"version-history":[{"count":1,"href":"https:\/\/www.egemtv.com\/index.php?rest_route=\/wp\/v2\/posts\/30849\/revisions"}],"predecessor-version":[{"id":30851,"href":"https:\/\/www.egemtv.com\/index.php?rest_route=\/wp\/v2\/posts\/30849\/revisions\/30851"}],"wp:featuredmedia":[{"embeddable":true,"href":"https:\/\/www.egemtv.com\/index.php?rest_route=\/wp\/v2\/media\/30850"}],"wp:attachment":[{"href":"https:\/\/www.egemtv.com\/index.php?rest_route=%2Fwp%2Fv2%2Fmedia&parent=30849"}],"wp:term":[{"taxonomy":"category","embeddable":true,"href":"https:\/\/www.egemtv.com\/index.php?rest_route=%2Fwp%2Fv2%2Fcategories&post=30849"},{"taxonomy":"post_tag","embeddable":true,"href":"https:\/\/www.egemtv.com\/index.php?rest_route=%2Fwp%2Fv2%2Ftags&post=30849"}],"curies":[{"name":"wp","href":"https:\/\/api.w.org\/{rel}","templated":true}]}}