{"id":30846,"date":"2025-05-23T11:56:32","date_gmt":"2025-05-23T08:56:32","guid":{"rendered":"https:\/\/www.egemtv.com\/?p=30846"},"modified":"2025-05-23T11:56:37","modified_gmt":"2025-05-23T08:56:37","slug":"mavisehir-sahilinde-temizlik-calismasi-yapildi","status":"publish","type":"post","link":"https:\/\/www.egemtv.com\/?p=30846","title":{"rendered":"Mavi\u015fehir sahilinde temizlik \u00e7al\u0131\u015fmas\u0131 yap\u0131ld\u0131"},"content":{"rendered":"<p>Didim Belediyesi Temizlik \u0130\u015fleri M\u00fcd\u00fcrl\u00fc\u011f\u00fc ekiplerince Mavi\u015fehir Mahallesi\u2019nde bulunan sahilde temizlik \u00e7al\u0131\u015fmas\u0131 ger\u00e7ekle\u015ftirildi.<br \/>\n<br \/>Didim\u2019de ya\u015fayan vatanda\u015flar\u0131n daha temiz ve daha sa\u011fl\u0131kl\u0131 bir \u00e7evrede ya\u015famalar\u0131 i\u00e7in \u00e7al\u0131\u015fmalar\u0131na ara vermeden devam eden Didim Belediyesi, Mavi\u015fehir Sahili\u2019nde temizlik \u00e7al\u0131\u015fmas\u0131 yapt\u0131. Temizlik \u0130\u015fleri M\u00fcd\u00fcrl\u00fc\u011f\u00fc ekiplerince g\u00fcn\u00fcn ilk \u0131\u015f\u0131klar\u0131nda ba\u015flat\u0131lan \u00e7al\u0131\u015fmalar kapsam\u0131nda, Mavi\u015fehir Sahili ba\u015ftan sona temizlendi.<br \/>\n<br \/>\u00c7al\u0131\u015fmalar hakk\u0131nda bilgi veren Didim Belediye Ba\u015fkan\u0131 Hatice Gen\u00e7ay, &#8220;Yaz sezonunun ba\u015flamas\u0131yla birlikte il\u00e7emizde sahillerimizde temizlik \u00e7al\u0131\u015fmalar\u0131m\u0131za ara vermeden devam ediyoruz. Yerli ve yabanc\u0131 misafirlerimizin daha g\u00fczel bir kentte ya\u015famalar\u0131 i\u00e7in \u00e7al\u0131\u015fmalar\u0131m\u0131z\u0131 s\u00fcrd\u00fcrece\u011fiz&#8221; ifadelerini kulland\u0131.<br \/><\/p>\n","protected":false},"excerpt":{"rendered":"<p>Didim Belediyesi Temizlik \u0130\u015fleri M\u00fcd\u00fcrl\u00fc\u011f\u00fc ekiplerince Mavi\u015fehir Mahallesi\u2019nde bulunan sahilde temizlik \u00e7al\u0131\u015fmas\u0131 ger\u00e7ekle\u015ftirildi. Didim\u2019de ya\u015fayan vatanda\u015flar\u0131n daha temiz ve daha sa\u011fl\u0131kl\u0131 bir \u00e7evrede ya\u015famalar\u0131 i\u00e7in \u00e7al\u0131\u015fmalar\u0131na ara vermeden devam eden Didim Belediyesi, Mavi\u015fehir Sahili\u2019nde temizlik \u00e7al\u0131\u015fmas\u0131 yapt\u0131. Temizlik \u0130\u015fleri M\u00fcd\u00fcrl\u00fc\u011f\u00fc ekiplerince g\u00fcn\u00fcn ilk \u0131\u015f\u0131klar\u0131nda ba\u015flat\u0131lan \u00e7al\u0131\u015fmalar kapsam\u0131nda, Mavi\u015fehir Sahili ba\u015ftan sona temizlendi. \u00c7al\u0131\u015fmalar hakk\u0131nda bilgi&#8230;<\/p>\n","protected":false},"author":1,"featured_media":30847,"comment_status":"open","ping_status":"open","sticky":false,"template":"","format":"standard","meta":{"_crdt_document":"","footnotes":""},"categories":[1],"tags":[],"class_list":["post-30846","post","type-post","status-publish","format-standard","has-post-thumbnail","hentry","category-guncel"],"_links":{"self":[{"href":"https:\/\/www.egemtv.com\/index.php?rest_route=\/wp\/v2\/posts\/30846","targetHints":{"allow":["GET"]}}],"collection":[{"href":"https:\/\/www.egemtv.com\/index.php?rest_route=\/wp\/v2\/posts"}],"about":[{"href":"https:\/\/www.egemtv.com\/index.php?rest_route=\/wp\/v2\/types\/post"}],"author":[{"embeddable":true,"href":"https:\/\/www.egemtv.com\/index.php?rest_route=\/wp\/v2\/users\/1"}],"replies":[{"embeddable":true,"href":"https:\/\/www.egemtv.com\/index.php?rest_route=%2Fwp%2Fv2%2Fcomments&post=30846"}],"version-history":[{"count":1,"href":"https:\/\/www.egemtv.com\/index.php?rest_route=\/wp\/v2\/posts\/30846\/revisions"}],"predecessor-version":[{"id":30848,"href":"https:\/\/www.egemtv.com\/index.php?rest_route=\/wp\/v2\/posts\/30846\/revisions\/30848"}],"wp:featuredmedia":[{"embeddable":true,"href":"https:\/\/www.egemtv.com\/index.php?rest_route=\/wp\/v2\/media\/30847"}],"wp:attachment":[{"href":"https:\/\/www.egemtv.com\/index.php?rest_route=%2Fwp%2Fv2%2Fmedia&parent=30846"}],"wp:term":[{"taxonomy":"category","embeddable":true,"href":"https:\/\/www.egemtv.com\/index.php?rest_route=%2Fwp%2Fv2%2Fcategories&post=30846"},{"taxonomy":"post_tag","embeddable":true,"href":"https:\/\/www.egemtv.com\/index.php?rest_route=%2Fwp%2Fv2%2Ftags&post=30846"}],"curies":[{"name":"wp","href":"https:\/\/api.w.org\/{rel}","templated":true}]}}