{"id":30843,"date":"2025-05-23T11:56:21","date_gmt":"2025-05-23T08:56:21","guid":{"rendered":"https:\/\/www.egemtv.com\/?p=30843"},"modified":"2025-05-23T11:56:32","modified_gmt":"2025-05-23T08:56:32","slug":"karacasuda-sinek-ve-larva-ilaclamasi-yapildi","status":"publish","type":"post","link":"https:\/\/www.egemtv.com\/?p=30843","title":{"rendered":"Karacasu\u2019da sinek ve larva ila\u00e7lamas\u0131 yap\u0131ld\u0131"},"content":{"rendered":"<p>Ayd\u0131n\u2019\u0131n Karacasu il\u00e7esinde sahaya inen belediye ekipleri, sinek ve larva olu\u015fumunu \u00f6nlemek amac\u0131yla ila\u00e7lama ger\u00e7ekle\u015ftirdi.<\/p>\n<p>Karacasu Belediyesi il\u00e7e genelindeki temizlik ve bak\u0131m \u00e7al\u0131\u015fmalar\u0131na aral\u0131ks\u0131z devam ederken artan s\u0131caklarla birlikte sinek ve larva olu\u015fumuyla da m\u00fccadele ediyor. Bu kapsamda il\u00e7e genelinde \u00e7al\u0131\u015fma ger\u00e7ekle\u015ftiren ekipler, son olarak sinek ve larva ila\u00e7lamas\u0131 ger\u00e7ekle\u015ftirdi. Ekipler, r\u00f6garlar, dere yataklar\u0131 ve su birikintilerinde sivrisinek ve karasineklere kar\u015f\u0131 dumanlama ve larvasit uygulamalar\u0131 yapt\u0131. Karacasu Belediyesi\u2019nden yap\u0131lan a\u00e7\u0131klamaya g\u00f6re ila\u00e7lama \u00e7al\u0131\u015fmalar\u0131 il\u00e7e genelinde uygulanmaya devam edecek.<br \/><\/p>\n","protected":false},"excerpt":{"rendered":"<p>Ayd\u0131n\u2019\u0131n Karacasu il\u00e7esinde sahaya inen belediye ekipleri, sinek ve larva olu\u015fumunu \u00f6nlemek amac\u0131yla ila\u00e7lama ger\u00e7ekle\u015ftirdi. Karacasu Belediyesi il\u00e7e genelindeki temizlik ve bak\u0131m \u00e7al\u0131\u015fmalar\u0131na aral\u0131ks\u0131z devam ederken artan s\u0131caklarla birlikte sinek ve larva olu\u015fumuyla da m\u00fccadele ediyor. Bu kapsamda il\u00e7e genelinde \u00e7al\u0131\u015fma ger\u00e7ekle\u015ftiren ekipler, son olarak sinek ve larva ila\u00e7lamas\u0131 ger\u00e7ekle\u015ftirdi. Ekipler, r\u00f6garlar, dere yataklar\u0131 ve&#8230;<\/p>\n","protected":false},"author":1,"featured_media":30844,"comment_status":"open","ping_status":"open","sticky":false,"template":"","format":"standard","meta":{"_crdt_document":"","footnotes":""},"categories":[1],"tags":[],"class_list":["post-30843","post","type-post","status-publish","format-standard","has-post-thumbnail","hentry","category-guncel"],"_links":{"self":[{"href":"https:\/\/www.egemtv.com\/index.php?rest_route=\/wp\/v2\/posts\/30843","targetHints":{"allow":["GET"]}}],"collection":[{"href":"https:\/\/www.egemtv.com\/index.php?rest_route=\/wp\/v2\/posts"}],"about":[{"href":"https:\/\/www.egemtv.com\/index.php?rest_route=\/wp\/v2\/types\/post"}],"author":[{"embeddable":true,"href":"https:\/\/www.egemtv.com\/index.php?rest_route=\/wp\/v2\/users\/1"}],"replies":[{"embeddable":true,"href":"https:\/\/www.egemtv.com\/index.php?rest_route=%2Fwp%2Fv2%2Fcomments&post=30843"}],"version-history":[{"count":1,"href":"https:\/\/www.egemtv.com\/index.php?rest_route=\/wp\/v2\/posts\/30843\/revisions"}],"predecessor-version":[{"id":30845,"href":"https:\/\/www.egemtv.com\/index.php?rest_route=\/wp\/v2\/posts\/30843\/revisions\/30845"}],"wp:featuredmedia":[{"embeddable":true,"href":"https:\/\/www.egemtv.com\/index.php?rest_route=\/wp\/v2\/media\/30844"}],"wp:attachment":[{"href":"https:\/\/www.egemtv.com\/index.php?rest_route=%2Fwp%2Fv2%2Fmedia&parent=30843"}],"wp:term":[{"taxonomy":"category","embeddable":true,"href":"https:\/\/www.egemtv.com\/index.php?rest_route=%2Fwp%2Fv2%2Fcategories&post=30843"},{"taxonomy":"post_tag","embeddable":true,"href":"https:\/\/www.egemtv.com\/index.php?rest_route=%2Fwp%2Fv2%2Ftags&post=30843"}],"curies":[{"name":"wp","href":"https:\/\/api.w.org\/{rel}","templated":true}]}}