{"id":30840,"date":"2025-05-23T11:37:12","date_gmt":"2025-05-23T08:37:12","guid":{"rendered":"https:\/\/www.egemtv.com\/?p=30840"},"modified":"2025-05-23T11:37:17","modified_gmt":"2025-05-23T08:37:17","slug":"alasehirde-tarihe-yolculuk-basladi","status":"publish","type":"post","link":"https:\/\/www.egemtv.com\/?p=30840","title":{"rendered":"Ala\u015fehir\u2019de tarihe yolculuk ba\u015flad\u0131"},"content":{"rendered":"<p>Ala\u015fehir Belediye Ba\u015fkan\u0131 Ahmet \u00d6k\u00fczc\u00fco\u011flu, yapt\u0131\u011f\u0131 konu\u015fmada il\u00e7ede turizmi geli\u015ftirmeye y\u00f6nelik \u00f6nemli \u00e7al\u0131\u015fmalar y\u00fcr\u00fctt\u00fcklerini belirterek, ama\u00e7lar\u0131n\u0131n Ala\u015fehir\u2019i k\u00fclt\u00fcr ve turizm a\u00e7\u0131s\u0131ndan bir cazibe merkezine d\u00f6n\u00fc\u015ft\u00fcrmek oldu\u011funu s\u00f6yledi.<br \/>\n<br \/>Manisa\u2019n\u0131n Ala\u015fehir il\u00e7esinde, bu y\u0131l ilk kez Uluslararas\u0131 M\u00fczeler Haftas\u0131 \u00e7e\u015fitli etkinliklerle kutland\u0131. Ala\u015fehir Belediyesi ile T.C. K\u00fclt\u00fcr ve Turizm Bakanl\u0131\u011f\u0131 Manisa M\u00fcze M\u00fcd\u00fcrl\u00fc\u011f\u00fc i\u015f birli\u011finde d\u00fczenlenen program, tarihi St. Jean Kilisesi\u2019nde ger\u00e7ekle\u015ftirilen t\u00f6renle ba\u015flad\u0131.<br \/>\n<br \/>T\u00f6rene Ala\u015fehir Belediye Ba\u015fkan\u0131 Ahmet \u00d6k\u00fczc\u00fco\u011flu, Manisa M\u00fcze M\u00fcd\u00fcr\u00fc Eren S\u00fclek, Ala\u015fehir \u0130l\u00e7e Milli E\u011fitim M\u00fcd\u00fcr\u00fc Fikri \u00c7etin, Ala\u015fehir Ticaret ve Sanayi Odas\u0131 Ba\u015fkan\u0131 Mustafa Seyhan, \u00f6\u011frenciler, vatanda\u015flar ve sivil toplum kurulu\u015flar\u0131n\u0131n temsilcileri kat\u0131ld\u0131. Sayg\u0131 duru\u015funda bulunulmas\u0131 ve \u0130stiklal Mar\u015f\u0131\u2019n\u0131n okunmas\u0131n\u0131n ard\u0131ndan protokol konu\u015fmalar\u0131 ger\u00e7ekle\u015ftirildi.<br \/>\n<br \/>Ala\u015fehir Belediye Ba\u015fkan\u0131 Ahmet \u00d6k\u00fczc\u00fco\u011flu, yapt\u0131\u011f\u0131 konu\u015fmada il\u00e7ede turizmi geli\u015ftirmeye y\u00f6nelik \u00f6nemli \u00e7al\u0131\u015fmalar y\u00fcr\u00fctt\u00fcklerini belirterek, &#8220;Ala\u015fehir\u2019de 2019 y\u0131l\u0131nda g\u00f6reve geldi\u011fimizde il\u00e7emizin ciddi bir turizm potansiyeli vard\u0131 ancak altyap\u0131 eksiklikleri nedeniyle bunu de\u011ferlendiremiyorduk. Elimizde materyal boldu. Turistlerin girece\u011fi tuvaletler yoktu i\u015fe tuvalet yaparak ba\u015flad\u0131k. \u00d6ncelikle turistlerin kullanabilece\u011fi hijyenik tuvaletler yapt\u0131k. Anadolu\u2019daki 7 kutsal kiliseden biri olan St. Jean Kilisemiz var, Bakkal \u015e\u00fckr\u00fc Evimiz var, Alakent Kona\u011f\u0131m\u0131z var, Kur\u015funlu Han, sarn\u0131\u00e7lar\u0131m\u0131z var, Amfi Tiyatromuz var, tap\u0131na\u011f\u0131m\u0131z var, h\u00f6y\u00fc\u011f\u00fcm\u00fcz var, saymakla bitmeyen de\u011ferlerimiz var. Bu de\u011ferlerimizi ortaya \u00e7\u0131karmak zorundayd\u0131k. Ya\u015fanabilir bir kentin kriterleri aras\u0131nda hem y\u00f6resel \u00fcr\u00fcnleri hem turizm de\u011ferleri ortaya \u00e7\u0131karman\u0131z gerekiyor. Ard\u0131ndan turizm haritalar\u0131n\u0131 bast\u0131rd\u0131k turistlere veriyoruz. Y\u00f6nlendirme levhalar\u0131, bilgilendirme panolar\u0131 ve Braille alfabesiyle g\u00f6rme engellilere y\u00f6nelik kitap\u00e7\u0131klar haz\u0131rlad\u0131k. Turistler geldiklerini cep telefonlar\u0131yla kodlar\u0131 okuttuklar\u0131nda hem T\u00fcrk\u00e7e hem \u0130ngilizce olarak Ala\u015fehir\u2019in tan\u0131t\u0131m\u0131n\u0131 g\u00f6rebiliyorlar. Amfi Tiyatromuz i\u00e7in kaz\u0131 \u00e7al\u0131\u015fmalar\u0131na ba\u015flad\u0131k. Kurtarma kaz\u0131lar\u0131m\u0131z\u0131 m\u00fczemiz e\u015fli\u011finde ger\u00e7ekle\u015ftirmeye devam ediyoruz. K\u00fclt\u00fcr Bakanl\u0131\u011f\u0131n\u0131n turizm haritas\u0131nda Ala\u015fehir i\u015fli de\u011fildi Ala\u015fehir\u2019i turizm haritas\u0131na i\u015flettik. Toptepe\u2019de tap\u0131nak var. Tap\u0131na\u011f\u0131n da kaz\u0131 izinleri al\u0131nd\u0131. M\u00fcze e\u015fli\u011finde g\u00fcn y\u00fcz\u00fcne \u00e7\u0131karmak i\u00e7in \u00e7al\u0131\u015f\u0131yoruz. Berlin Turizm Fuar\u0131nda da il\u00e7emizi tan\u0131taca\u011f\u0131z. Turizm rotalar\u0131n\u0131n i\u00e7ine art\u0131k Ala\u015fehir dahil edildi. \u0130lerideki hedefimiz tren yollar\u0131yla anla\u015fma yap\u0131p i\u00e7 turizmi canland\u0131rmak i\u00e7in \u0130zmir\u2019den kalkan, Salihli Sart\u2019a Ala\u015fehir\u2019e ve E\u015fme\u2019ye u\u011frayan g\u00fcn\u00fcbirlik rotalarla Ayn\u0131 Do\u011fu Ekspresi gibi turizm rotalar\u0131 olu\u015fturmak. Ayr\u0131ca yatak kapasitemizi y\u00fckseltmek i\u00e7in 2 bin 700 d\u00f6n\u00fcm alan\u0131 imara a\u00e7t\u0131k. Burada 2 tane termal turizm alan\u0131 da ilan ettik. \u0130leride bu otellerde yap\u0131ld\u0131\u011f\u0131nda art\u0131k etkinliklerimizi kar\u015f\u0131layabilece\u011fimiz yatak kapasitelerimiz ve salonlar\u0131m\u0131z da olacak&#8221; dedi.<br \/>\n<br \/>Manisa M\u00fcze M\u00fcd\u00fcr\u00fc Eren S\u00fclek ise yeni Manisa M\u00fczesinin 17 May\u0131s\u2019ta a\u00e7\u0131lmas\u0131yla birlikte daha kat\u0131l\u0131mc\u0131 ve interaktif bir m\u00fczecilik anlay\u0131\u015f\u0131n\u0131 benimsediklerini belirterek, &#8220;Yeni d\u00f6nemde hem m\u00fcze hem de hizmet birimlerinde ziyaret\u00e7ilerin aktif olarak kat\u0131l\u0131m sa\u011flayabilece\u011fi etkinliklerle fark\u0131ndal\u0131k olu\u015fturmay\u0131 hedefliyoruz&#8221; ifadelerini kulland\u0131.<br \/>\n<br \/>Etkinlikler kapsam\u0131nda, K\u00fclt\u00fcr Varl\u0131klar\u0131 ve M\u00fczeler Genel M\u00fcd\u00fcrl\u00fc\u011f\u00fc, Ka\u00e7ak\u00e7\u0131l\u0131kla M\u00fccadele Dairesi Ba\u015fkanl\u0131\u011f\u0131, Uluslararas\u0131 M\u00fczeler Konseyi (ICOM), Ankara \u00dcniversitesi M\u00fczecilik ve \u00c7ocuk Geli\u015fimi b\u00f6l\u00fcmleri i\u015f birli\u011finde haz\u0131rlanan \u2019K\u00fclt\u00fcr koruyucular\u0131\u2019 program\u0131 \u00e7er\u00e7evesinde \u00e7e\u015fitli etkinlikler d\u00fczenlenecek. Programda; konserler, panel ve s\u00f6yle\u015filer, &#8220;\u00c7ivi yaz\u0131l\u0131 belgelerle Mezopotamya\u2019dan Anadolu\u2019ya 4 bin y\u0131l \u00f6nce \u00e7ocuk olmak&#8221; ba\u015fl\u0131kl\u0131 sunum, tablet at\u00f6lyesi, &#8220;Eski Philadelphia, bug\u00fcnk\u00fc Ala\u015fehir&#8221; konulu konferanslar ve Antik \u00c7a\u011f Ezgileri temal\u0131 m\u00fczik etkinlikleri yer alacak. Etkinliklerin iki g\u00fcn boyunca devam edece\u011fi bildirildi.<br \/><\/p>\n","protected":false},"excerpt":{"rendered":"<p>Ala\u015fehir Belediye Ba\u015fkan\u0131 Ahmet \u00d6k\u00fczc\u00fco\u011flu, yapt\u0131\u011f\u0131 konu\u015fmada il\u00e7ede turizmi geli\u015ftirmeye y\u00f6nelik \u00f6nemli \u00e7al\u0131\u015fmalar y\u00fcr\u00fctt\u00fcklerini belirterek, ama\u00e7lar\u0131n\u0131n Ala\u015fehir\u2019i k\u00fclt\u00fcr ve turizm a\u00e7\u0131s\u0131ndan bir cazibe merkezine d\u00f6n\u00fc\u015ft\u00fcrmek oldu\u011funu s\u00f6yledi. Manisa\u2019n\u0131n Ala\u015fehir il\u00e7esinde, bu y\u0131l ilk kez Uluslararas\u0131 M\u00fczeler Haftas\u0131 \u00e7e\u015fitli etkinliklerle kutland\u0131. Ala\u015fehir Belediyesi ile T.C. K\u00fclt\u00fcr ve Turizm Bakanl\u0131\u011f\u0131 Manisa M\u00fcze M\u00fcd\u00fcrl\u00fc\u011f\u00fc i\u015f birli\u011finde d\u00fczenlenen program,&#8230;<\/p>\n","protected":false},"author":1,"featured_media":30841,"comment_status":"open","ping_status":"open","sticky":false,"template":"","format":"standard","meta":{"_crdt_document":"","footnotes":""},"categories":[1],"tags":[],"class_list":["post-30840","post","type-post","status-publish","format-standard","has-post-thumbnail","hentry","category-guncel"],"_links":{"self":[{"href":"https:\/\/www.egemtv.com\/index.php?rest_route=\/wp\/v2\/posts\/30840","targetHints":{"allow":["GET"]}}],"collection":[{"href":"https:\/\/www.egemtv.com\/index.php?rest_route=\/wp\/v2\/posts"}],"about":[{"href":"https:\/\/www.egemtv.com\/index.php?rest_route=\/wp\/v2\/types\/post"}],"author":[{"embeddable":true,"href":"https:\/\/www.egemtv.com\/index.php?rest_route=\/wp\/v2\/users\/1"}],"replies":[{"embeddable":true,"href":"https:\/\/www.egemtv.com\/index.php?rest_route=%2Fwp%2Fv2%2Fcomments&post=30840"}],"version-history":[{"count":1,"href":"https:\/\/www.egemtv.com\/index.php?rest_route=\/wp\/v2\/posts\/30840\/revisions"}],"predecessor-version":[{"id":30842,"href":"https:\/\/www.egemtv.com\/index.php?rest_route=\/wp\/v2\/posts\/30840\/revisions\/30842"}],"wp:featuredmedia":[{"embeddable":true,"href":"https:\/\/www.egemtv.com\/index.php?rest_route=\/wp\/v2\/media\/30841"}],"wp:attachment":[{"href":"https:\/\/www.egemtv.com\/index.php?rest_route=%2Fwp%2Fv2%2Fmedia&parent=30840"}],"wp:term":[{"taxonomy":"category","embeddable":true,"href":"https:\/\/www.egemtv.com\/index.php?rest_route=%2Fwp%2Fv2%2Fcategories&post=30840"},{"taxonomy":"post_tag","embeddable":true,"href":"https:\/\/www.egemtv.com\/index.php?rest_route=%2Fwp%2Fv2%2Ftags&post=30840"}],"curies":[{"name":"wp","href":"https:\/\/api.w.org\/{rel}","templated":true}]}}