{"id":30837,"date":"2025-05-23T11:37:08","date_gmt":"2025-05-23T08:37:08","guid":{"rendered":"https:\/\/www.egemtv.com\/?p=30837"},"modified":"2025-05-23T11:37:12","modified_gmt":"2025-05-23T08:37:12","slug":"acisiyla-unlu-emcelli-biberi-kilosu-250-tlden-piyasaya-cikti","status":"publish","type":"post","link":"https:\/\/www.egemtv.com\/?p=30837","title":{"rendered":"Ac\u0131s\u0131yla \u00fcnl\u00fc Emcelli Biberi kilosu 250 TL\u2019den piyasaya \u00e7\u0131kt\u0131"},"content":{"rendered":"<p>MAN\u0130SA (\u0130HA) \u2013 Manisa\u2019n\u0131n Sar\u0131g\u00f6l il\u00e7esine ba\u011fl\u0131 Emcelli Mahallesi\u2019nde 150 y\u0131l\u0131 a\u015fk\u0131n s\u00fcredir ata tohumuyla yeti\u015ftirilen co\u011frafi i\u015faretli ve ac\u0131s\u0131yla \u00fcnl\u00fc Emcelli biberleri, turfanda olarak il\u00e7e pazar\u0131nda kilosu 250 TL\u2019den sat\u0131\u015fa sunuldu.<br \/>\n<br \/>Emcelli Mahallesi\u2019nde 600 metrekarelik seras\u0131nda 1800 adet ata tohumundan Emcelli biberi yeti\u015ftiren \u00fcretici Nurullah Akbay, hem ac\u0131 hem de tatl\u0131 t\u00fcrleriyle pazara \u00e7\u0131kan Emcelli biberlerinin Ege B\u00f6lgesi\u2019nde yo\u011fun talep g\u00f6rd\u00fc\u011f\u00fcn\u00fc belirtti.<\/p>\n<p>Emcelli biberlerinin \u00f6zelli\u011fi<br \/>\n<br \/>Emcelli biberinin \u00f6zelliklerini anlatan \u00fcretici Nurullah Akbay, &#8220;Biberlerimiz koyu ye\u015fil renktedir. Ac\u0131d\u0131r ancak sadece dama\u011f\u0131 yakar, mideye zarar vermez. Etli ve gevrek yap\u0131s\u0131yla \u00f6zellikle Ege B\u00f6lgesi\u2019nde \u00e7ok tercih ediliyor. Tatl\u0131 t\u00fcr\u00fc de ayn\u0131 \u015fekilde gevrek ve lezzetlidir.&#8221; dedi.<br \/>\n<br \/>Emcelli biberlerinin salatalarda, k\u0131zartmalarda, yemeklerde, k\u00f6zlenerek pide yan\u0131nda ya da mezelerde kullan\u0131ld\u0131\u011f\u0131n\u0131 belirten Akbay, ayn\u0131 zamanda biberlerin kurutularak k\u0131\u015fl\u0131k olarak da de\u011ferlendirildi\u011fini ifade etti.<br \/>\n<br \/>Biber \u00fcretiminin yan\u0131 s\u0131ra ata tohumundan t\u00fcpl\u00fc ve t\u00fcps\u00fcz biber fidesi de yeti\u015ftiren Akbay, isteyen \u00e7ift\u00e7ilere a\u00e7\u0131k tarlalarda dikim yap\u0131lmak \u00fczere \u00fccret kar\u015f\u0131l\u0131\u011f\u0131 fide sat\u0131\u015f\u0131 da yapt\u0131\u011f\u0131n\u0131 s\u00f6yledi.<br \/><\/p>\n","protected":false},"excerpt":{"rendered":"<p>MAN\u0130SA (\u0130HA) \u2013 Manisa\u2019n\u0131n Sar\u0131g\u00f6l il\u00e7esine ba\u011fl\u0131 Emcelli Mahallesi\u2019nde 150 y\u0131l\u0131 a\u015fk\u0131n s\u00fcredir ata tohumuyla yeti\u015ftirilen co\u011frafi i\u015faretli ve ac\u0131s\u0131yla \u00fcnl\u00fc Emcelli biberleri, turfanda olarak il\u00e7e pazar\u0131nda kilosu 250 TL\u2019den sat\u0131\u015fa sunuldu. Emcelli Mahallesi\u2019nde 600 metrekarelik seras\u0131nda 1800 adet ata tohumundan Emcelli biberi yeti\u015ftiren \u00fcretici Nurullah Akbay, hem ac\u0131 hem de tatl\u0131 t\u00fcrleriyle pazara \u00e7\u0131kan&#8230;<\/p>\n","protected":false},"author":1,"featured_media":30838,"comment_status":"open","ping_status":"open","sticky":false,"template":"","format":"standard","meta":{"_crdt_document":"","footnotes":""},"categories":[125],"tags":[],"class_list":["post-30837","post","type-post","status-publish","format-standard","has-post-thumbnail","hentry","category-ekonomi"],"_links":{"self":[{"href":"https:\/\/www.egemtv.com\/index.php?rest_route=\/wp\/v2\/posts\/30837","targetHints":{"allow":["GET"]}}],"collection":[{"href":"https:\/\/www.egemtv.com\/index.php?rest_route=\/wp\/v2\/posts"}],"about":[{"href":"https:\/\/www.egemtv.com\/index.php?rest_route=\/wp\/v2\/types\/post"}],"author":[{"embeddable":true,"href":"https:\/\/www.egemtv.com\/index.php?rest_route=\/wp\/v2\/users\/1"}],"replies":[{"embeddable":true,"href":"https:\/\/www.egemtv.com\/index.php?rest_route=%2Fwp%2Fv2%2Fcomments&post=30837"}],"version-history":[{"count":1,"href":"https:\/\/www.egemtv.com\/index.php?rest_route=\/wp\/v2\/posts\/30837\/revisions"}],"predecessor-version":[{"id":30839,"href":"https:\/\/www.egemtv.com\/index.php?rest_route=\/wp\/v2\/posts\/30837\/revisions\/30839"}],"wp:featuredmedia":[{"embeddable":true,"href":"https:\/\/www.egemtv.com\/index.php?rest_route=\/wp\/v2\/media\/30838"}],"wp:attachment":[{"href":"https:\/\/www.egemtv.com\/index.php?rest_route=%2Fwp%2Fv2%2Fmedia&parent=30837"}],"wp:term":[{"taxonomy":"category","embeddable":true,"href":"https:\/\/www.egemtv.com\/index.php?rest_route=%2Fwp%2Fv2%2Fcategories&post=30837"},{"taxonomy":"post_tag","embeddable":true,"href":"https:\/\/www.egemtv.com\/index.php?rest_route=%2Fwp%2Fv2%2Ftags&post=30837"}],"curies":[{"name":"wp","href":"https:\/\/api.w.org\/{rel}","templated":true}]}}