{"id":30834,"date":"2025-05-23T11:15:56","date_gmt":"2025-05-23T08:15:56","guid":{"rendered":"https:\/\/www.egemtv.com\/?p=30834"},"modified":"2025-05-23T11:16:00","modified_gmt":"2025-05-23T08:16:00","slug":"hisarcik-myoda-yapay-zeka-reklamcilik-ve-film-yapimciligi-perspektifinde-halkla-iliskiler-konulu-konferans","status":"publish","type":"post","link":"https:\/\/www.egemtv.com\/?p=30834","title":{"rendered":"Hisarc\u0131k MYO\u2019da &#8220;Yapay Zeka, Reklamc\u0131l\u0131k ve Film Yap\u0131mc\u0131l\u0131\u011f\u0131 Perspektifinde Halkla \u0130li\u015fkiler&#8221; konulu konferans"},"content":{"rendered":"<p>K\u00fctahya Dumlup\u0131nar \u00dcniversitesi (DP\u00dc) Hisarc\u0131k Meslek Y\u00fcksekokulunda &#8220;Yapay Zeka, Reklamc\u0131l\u0131k ve Film Yap\u0131mc\u0131l\u0131\u011f\u0131 Perspektifinde Halkla \u0130li\u015fkiler&#8221; konulu konferans d\u00fczenlendi.<br \/>\n<br \/>Meslek Y\u00fcksekokulu\u2019nda ger\u00e7ekle\u015ftirilen konferansa konu\u015fmac\u0131 olarak, K\u00fctahya Valili\u011fi Bas\u0131n Yay\u0131n ve Halkla \u0130li\u015fkiler Koordinat\u00f6r\u00fc \u0130brahim Soyer ile Reklam Yap\u0131mc\u0131s\u0131, B\u00fcy\u00fck Zafer animasyon filminin senaristi ve animat\u00f6r\u00fc \u0130brahim Kiraz kat\u0131ld\u0131. Her iki isim de alanlar\u0131ndaki deneyimlerini kat\u0131l\u0131mc\u0131larla payla\u015farak, yapay zeka destekli ileti\u015fim s\u00fcre\u00e7leri ve medya uygulamalar\u0131 hakk\u0131nda kapsaml\u0131 bilgiler sundular.<br \/>\n<br \/>\u0130brahim Soyer konu\u015fmas\u0131nda, kamu kurumlar\u0131nda halkla ili\u015fkiler faaliyetlerinde dijitalle\u015fmenin ve yapay zekan\u0131n artan rol\u00fcn\u00fc vurgularken, \u0130brahim Kiraz, film yap\u0131m s\u00fcrecindeki stratejileri ve reklamc\u0131l\u0131kta hikaye anlat\u0131m\u0131n\u0131n g\u00fcc\u00fcn\u00fc \u00f6rneklerle anlatt\u0131.<br \/>\n<br \/>Etkinli\u011fe, MYO M\u00fcd\u00fcr Yard\u0131mc\u0131s\u0131 \u00d6\u011fr. G\u00f6r. Fadim Ko\u00e7, \u00d6\u011fr. G\u00f6r. Dr. Emin Hantekin ile \u00d6\u011fr. G\u00f6r. \u00d6mer Alta\u015f, akademik personel ve \u00f6\u011frenciler kat\u0131ld\u0131. Konferans\u0131n sonunda \u0130brahim Soyer ve \u0130brahim Kiraz\u2019a M\u00fcd\u00fcr Yard\u0131mc\u0131s\u0131 \u00d6\u011fr. G\u00f6r. Fadim Ko\u00e7 taraf\u0131ndan te\u015fekk\u00fcr belgesi takdim edildi.<br \/><\/p>\n","protected":false},"excerpt":{"rendered":"<p>K\u00fctahya Dumlup\u0131nar \u00dcniversitesi (DP\u00dc) Hisarc\u0131k Meslek Y\u00fcksekokulunda &#8220;Yapay Zeka, Reklamc\u0131l\u0131k ve Film Yap\u0131mc\u0131l\u0131\u011f\u0131 Perspektifinde Halkla \u0130li\u015fkiler&#8221; konulu konferans d\u00fczenlendi. Meslek Y\u00fcksekokulu\u2019nda ger\u00e7ekle\u015ftirilen konferansa konu\u015fmac\u0131 olarak, K\u00fctahya Valili\u011fi Bas\u0131n Yay\u0131n ve Halkla \u0130li\u015fkiler Koordinat\u00f6r\u00fc \u0130brahim Soyer ile Reklam Yap\u0131mc\u0131s\u0131, B\u00fcy\u00fck Zafer animasyon filminin senaristi ve animat\u00f6r\u00fc \u0130brahim Kiraz kat\u0131ld\u0131. Her iki isim de alanlar\u0131ndaki deneyimlerini kat\u0131l\u0131mc\u0131larla&#8230;<\/p>\n","protected":false},"author":1,"featured_media":30835,"comment_status":"open","ping_status":"open","sticky":false,"template":"","format":"standard","meta":{"_crdt_document":"","footnotes":""},"categories":[1],"tags":[],"class_list":["post-30834","post","type-post","status-publish","format-standard","has-post-thumbnail","hentry","category-guncel"],"_links":{"self":[{"href":"https:\/\/www.egemtv.com\/index.php?rest_route=\/wp\/v2\/posts\/30834","targetHints":{"allow":["GET"]}}],"collection":[{"href":"https:\/\/www.egemtv.com\/index.php?rest_route=\/wp\/v2\/posts"}],"about":[{"href":"https:\/\/www.egemtv.com\/index.php?rest_route=\/wp\/v2\/types\/post"}],"author":[{"embeddable":true,"href":"https:\/\/www.egemtv.com\/index.php?rest_route=\/wp\/v2\/users\/1"}],"replies":[{"embeddable":true,"href":"https:\/\/www.egemtv.com\/index.php?rest_route=%2Fwp%2Fv2%2Fcomments&post=30834"}],"version-history":[{"count":1,"href":"https:\/\/www.egemtv.com\/index.php?rest_route=\/wp\/v2\/posts\/30834\/revisions"}],"predecessor-version":[{"id":30836,"href":"https:\/\/www.egemtv.com\/index.php?rest_route=\/wp\/v2\/posts\/30834\/revisions\/30836"}],"wp:featuredmedia":[{"embeddable":true,"href":"https:\/\/www.egemtv.com\/index.php?rest_route=\/wp\/v2\/media\/30835"}],"wp:attachment":[{"href":"https:\/\/www.egemtv.com\/index.php?rest_route=%2Fwp%2Fv2%2Fmedia&parent=30834"}],"wp:term":[{"taxonomy":"category","embeddable":true,"href":"https:\/\/www.egemtv.com\/index.php?rest_route=%2Fwp%2Fv2%2Fcategories&post=30834"},{"taxonomy":"post_tag","embeddable":true,"href":"https:\/\/www.egemtv.com\/index.php?rest_route=%2Fwp%2Fv2%2Ftags&post=30834"}],"curies":[{"name":"wp","href":"https:\/\/api.w.org\/{rel}","templated":true}]}}