{"id":30828,"date":"2025-05-23T11:15:47","date_gmt":"2025-05-23T08:15:47","guid":{"rendered":"https:\/\/www.egemtv.com\/?p=30828"},"modified":"2025-05-23T11:15:51","modified_gmt":"2025-05-23T08:15:51","slug":"aile-uyelerinin-katilimi-ile-oryantiring-yarismasi","status":"publish","type":"post","link":"https:\/\/www.egemtv.com\/?p=30828","title":{"rendered":"Aile \u00fcyelerinin kat\u0131l\u0131m\u0131 ile oryantiring yar\u0131\u015fmas\u0131"},"content":{"rendered":"<p>K\u00fctahya\u2019da, &#8220;2025 Aile Y\u0131l\u0131&#8221; etkinlikleri kapsam\u0131nda Aile Y\u0131l\u0131 Oryantiring yar\u0131\u015fmas\u0131 ger\u00e7ekle\u015ftirildi.<br \/>\n<br \/>Oryantiring Federasyonu K\u00fctahya \u0130l Temsilcili\u011fi, Gen\u00e7lik ve Spor \u0130l M\u00fcd\u00fcrl\u00fc\u011f\u00fc ve Aile ve Sosyal Hizmetler \u0130l M\u00fcd\u00fcrl\u00fc\u011f\u00fcn\u00fcn i\u015f birli\u011fi ile Dumlup\u0131nar Salonu\u2019nda d\u00fczenlenen etkinlik, anne, baba, karde\u015fler ve di\u011fer aile \u00fcyelerinin kat\u0131l\u0131m\u0131yla renkli ve heyecanl\u0131 anlara sahne oldu.<br \/>\n<br \/>Salonda \u00f6zel olarak haz\u0131rlanan parkurda, \u00e7ocuklar harita yard\u0131m\u0131yla anne, baba veya karde\u015fleriyle birlikte belirlenen hedefleri bulmak i\u00e7in k\u0131yas\u0131ya m\u00fccadele etti. Aileler, en k\u0131sa s\u00fcrede t\u00fcm hedeflere ula\u015fmak i\u00e7in i\u015fbirli\u011fi yaparak salonda keyifli bir rekabet ortam\u0131 olu\u015fturdu. &#8220;7\u2019den 70\u2019e&#8221; slogan\u0131yla d\u00fczenlenen yar\u0131\u015fmaya 80 ailenin kat\u0131l\u0131m\u0131 b\u00fcy\u00fck ilgi g\u00f6rd\u00fc. \u00c7ocuklar\u0131n karde\u015fleri ve ye\u011fenleriyle birlikte yar\u0131\u015ft\u0131\u011f\u0131 etkinlikte, dayan\u0131\u015fma ve aile ba\u011flar\u0131n\u0131n \u00f6nemi bir kez daha vurguland\u0131. Yar\u0131\u015fma sonunda, belirlenen hedefleri en h\u0131zl\u0131 \u015fekilde tamamlayan ilk \u00fc\u00e7 aileye madalya takdim edildi. T\u00fcm kat\u0131l\u0131mc\u0131lara ise &#8220;2025 Aile Y\u0131l\u0131 Oryantiring Yar\u0131\u015fmas\u0131&#8221; an\u0131s\u0131na te\u015fekk\u00fcr belgesi verildi.<br \/>\n<br \/>\u00d6d\u00fcl t\u00f6reninde konu\u015fan Oryantiring \u0130l Temsilcisi Nadire Uluta\u015f, etkinli\u011fe g\u00f6sterilen yo\u011fun ilgiden duydu\u011fu memnuniyeti dile getirerek t\u00fcm kat\u0131l\u0131mc\u0131lara te\u015fekk\u00fcr etti.<br \/>\n<br \/>Madalyalar Aile ve Sosyal Hizmetler \u0130l M\u00fcd\u00fcr\u00fc \u00dclk\u00fc Uslu taraf\u0131ndan verilirken, kat\u0131l\u0131m belgelerini ise Aile ve Sosyal Hizmetler \u0130l M\u00fcd\u00fcr Yard\u0131mc\u0131s\u0131 H\u00fcseyin Kele\u015f takdim etti.<br \/>\n<br \/>&#8220;2025 Aile Y\u0131l\u0131&#8221; etkinlikleri kapsam\u0131nda d\u00fczenlenen bu \u00f6zel Oryantiring Yar\u0131\u015fmas\u0131, ailelerin birlikte spor yapma ve e\u011flenme f\u0131rsat\u0131 buldu\u011fu, unutulmaz bir g\u00fcn olarak haf\u0131zalara kaz\u0131nd\u0131.<br \/><\/p>\n","protected":false},"excerpt":{"rendered":"<p>K\u00fctahya\u2019da, &#8220;2025 Aile Y\u0131l\u0131&#8221; etkinlikleri kapsam\u0131nda Aile Y\u0131l\u0131 Oryantiring yar\u0131\u015fmas\u0131 ger\u00e7ekle\u015ftirildi. Oryantiring Federasyonu K\u00fctahya \u0130l Temsilcili\u011fi, Gen\u00e7lik ve Spor \u0130l M\u00fcd\u00fcrl\u00fc\u011f\u00fc ve Aile ve Sosyal Hizmetler \u0130l M\u00fcd\u00fcrl\u00fc\u011f\u00fcn\u00fcn i\u015f birli\u011fi ile Dumlup\u0131nar Salonu\u2019nda d\u00fczenlenen etkinlik, anne, baba, karde\u015fler ve di\u011fer aile \u00fcyelerinin kat\u0131l\u0131m\u0131yla renkli ve heyecanl\u0131 anlara sahne oldu. Salonda \u00f6zel olarak haz\u0131rlanan parkurda, \u00e7ocuklar&#8230;<\/p>\n","protected":false},"author":1,"featured_media":30829,"comment_status":"open","ping_status":"open","sticky":false,"template":"","format":"standard","meta":{"_crdt_document":"","footnotes":""},"categories":[4],"tags":[],"class_list":["post-30828","post","type-post","status-publish","format-standard","has-post-thumbnail","hentry","category-spor"],"_links":{"self":[{"href":"https:\/\/www.egemtv.com\/index.php?rest_route=\/wp\/v2\/posts\/30828","targetHints":{"allow":["GET"]}}],"collection":[{"href":"https:\/\/www.egemtv.com\/index.php?rest_route=\/wp\/v2\/posts"}],"about":[{"href":"https:\/\/www.egemtv.com\/index.php?rest_route=\/wp\/v2\/types\/post"}],"author":[{"embeddable":true,"href":"https:\/\/www.egemtv.com\/index.php?rest_route=\/wp\/v2\/users\/1"}],"replies":[{"embeddable":true,"href":"https:\/\/www.egemtv.com\/index.php?rest_route=%2Fwp%2Fv2%2Fcomments&post=30828"}],"version-history":[{"count":1,"href":"https:\/\/www.egemtv.com\/index.php?rest_route=\/wp\/v2\/posts\/30828\/revisions"}],"predecessor-version":[{"id":30830,"href":"https:\/\/www.egemtv.com\/index.php?rest_route=\/wp\/v2\/posts\/30828\/revisions\/30830"}],"wp:featuredmedia":[{"embeddable":true,"href":"https:\/\/www.egemtv.com\/index.php?rest_route=\/wp\/v2\/media\/30829"}],"wp:attachment":[{"href":"https:\/\/www.egemtv.com\/index.php?rest_route=%2Fwp%2Fv2%2Fmedia&parent=30828"}],"wp:term":[{"taxonomy":"category","embeddable":true,"href":"https:\/\/www.egemtv.com\/index.php?rest_route=%2Fwp%2Fv2%2Fcategories&post=30828"},{"taxonomy":"post_tag","embeddable":true,"href":"https:\/\/www.egemtv.com\/index.php?rest_route=%2Fwp%2Fv2%2Ftags&post=30828"}],"curies":[{"name":"wp","href":"https:\/\/api.w.org\/{rel}","templated":true}]}}