{"id":30825,"date":"2025-05-23T10:56:01","date_gmt":"2025-05-23T07:56:01","guid":{"rendered":"https:\/\/www.egemtv.com\/?p=30825"},"modified":"2025-05-23T10:56:06","modified_gmt":"2025-05-23T07:56:06","slug":"spil-dagina-kil-cadir-genclik-kamp-merkezi-kuruluyor","status":"publish","type":"post","link":"https:\/\/www.egemtv.com\/?p=30825","title":{"rendered":"Spil Da\u011f\u0131\u2019na \u2019K\u0131l \u00c7ad\u0131r Gen\u00e7lik Kamp Merkezi\u2019 kuruluyor"},"content":{"rendered":"<p>Manisa Gen\u00e7lik ve Spor \u0130l M\u00fcd\u00fcr\u00fc Yunus \u00d6zt\u00fcrk, Spil Da\u011f\u0131 Milli Park\u0131 i\u00e7erisine &#8220;K\u0131l \u00c7ad\u0131r Gen\u00e7lik Kamp Merkezi&#8221; kurulmas\u0131na y\u00f6nelik gerekli onaylar\u0131n al\u0131nd\u0131\u011f\u0131n\u0131 belirterek, bu merkezin T\u00fcrkiye\u2019de ilk olaca\u011f\u0131n\u0131 ve \u00f6rnek te\u015fkil etti\u011fini s\u00f6yledi.<br \/>\n<br \/>Gen\u00e7lik ve Spor \u0130l M\u00fcd\u00fcr\u00fc Yunus \u00d6zt\u00fcrk, Manisa\u2019da Kula ve K\u0131rka\u011fa\u00e7\u2019tan sonra \u00fc\u00e7\u00fcnc\u00fc gen\u00e7lik kamp merkezinin Spil Da\u011f\u0131 Milli Park\u0131\u2019nda kurulaca\u011f\u0131n\u0131 m\u00fcjdeledi. Merkezin 17 bin metrekarelik alan i\u00e7erisinde, konaklamalar\u0131n ise k\u0131l \u00e7ad\u0131rlar \u015feklinde tasarlanaca\u011f\u0131n\u0131 ifade eden \u00d6zt\u00fcrk, &#8220;Yak\u0131n zamanda in\u015fallah \u00fc\u00e7\u00fcnc\u00fc gen\u00e7lik kamp\u0131m\u0131z\u0131 da Manisa\u2019ya kazand\u0131raca\u011f\u0131z. Manisa milletvekillerimizin, valimizin destekleri ve Bakan\u0131m\u0131z\u0131n takdiriyle Spil Da\u011f\u0131 Milli Park\u0131 i\u00e7erisinde k\u0131l \u00e7ad\u0131r kamp merkezi yap\u0131lmas\u0131 i\u00e7in gerekli onaylar al\u0131nd\u0131. Bu kamp merkezi T\u00fcrkiye\u2019de ilk, d\u00fcnyaya \u00f6rnek bir kamp merkezi olacak&#8221; diye konu\u015ftu.<\/p>\n<p>&#8220;110 bin \u00fcyemizle T\u00fcrkiye\u2019de ilk 10 i\u00e7indeyiz&#8221;<br \/>\n<br \/>Manisa\u2019da gen\u00e7lik merkezi faaliyetleri bak\u0131m\u0131ndan T\u00fcrkiye genelinde iyi konumda olduklar\u0131n\u0131 vurgulayan \u0130l M\u00fcd\u00fcr\u00fc \u00d6zt\u00fcrk, &#8220;Manisa\u2019daki gen\u00e7lik merkezlerinde yakla\u015f\u0131k 110 bin \u00fcyemiz var. 4 bin \u00e7ocu\u011fumuz aktif olarak Manisa gen\u00e7li\u011fine hizmet ediyor, bu ciddi bir rakam. Gen\u00e7lik merkezlerinde gen\u00e7lik faaliyetlerimiz ile T\u00fcrkiye\u2019de ilk 10 il i\u00e7erisindeyiz&#8221; dedi.<br \/>\n<br \/>K\u0131l \u00e7ad\u0131r kamp merkezinin, Spil Da\u011f\u0131 zirvesindeki at alan\u0131 g\u00fcn\u00fcbirlik piknik alan\u0131ndan Turan Bayrak Tepe\u2019ye \u00e7\u0131kan yol \u00fczerindeki karavan park alan\u0131n alt k\u0131sm\u0131nda bulunan 17 d\u00f6n\u00fcml\u00fck alanda \u00f6n\u00fcm\u00fczdeki yaz aylar\u0131 i\u00e7erisinde kurulmas\u0131 bekleniyor.<br \/><\/p>\n","protected":false},"excerpt":{"rendered":"<p>Manisa Gen\u00e7lik ve Spor \u0130l M\u00fcd\u00fcr\u00fc Yunus \u00d6zt\u00fcrk, Spil Da\u011f\u0131 Milli Park\u0131 i\u00e7erisine &#8220;K\u0131l \u00c7ad\u0131r Gen\u00e7lik Kamp Merkezi&#8221; kurulmas\u0131na y\u00f6nelik gerekli onaylar\u0131n al\u0131nd\u0131\u011f\u0131n\u0131 belirterek, bu merkezin T\u00fcrkiye\u2019de ilk olaca\u011f\u0131n\u0131 ve \u00f6rnek te\u015fkil etti\u011fini s\u00f6yledi. Gen\u00e7lik ve Spor \u0130l M\u00fcd\u00fcr\u00fc Yunus \u00d6zt\u00fcrk, Manisa\u2019da Kula ve K\u0131rka\u011fa\u00e7\u2019tan sonra \u00fc\u00e7\u00fcnc\u00fc gen\u00e7lik kamp merkezinin Spil Da\u011f\u0131 Milli Park\u0131\u2019nda kurulaca\u011f\u0131n\u0131&#8230;<\/p>\n","protected":false},"author":1,"featured_media":30826,"comment_status":"open","ping_status":"open","sticky":false,"template":"","format":"standard","meta":{"_crdt_document":"","footnotes":""},"categories":[4],"tags":[],"class_list":["post-30825","post","type-post","status-publish","format-standard","has-post-thumbnail","hentry","category-spor"],"_links":{"self":[{"href":"https:\/\/www.egemtv.com\/index.php?rest_route=\/wp\/v2\/posts\/30825","targetHints":{"allow":["GET"]}}],"collection":[{"href":"https:\/\/www.egemtv.com\/index.php?rest_route=\/wp\/v2\/posts"}],"about":[{"href":"https:\/\/www.egemtv.com\/index.php?rest_route=\/wp\/v2\/types\/post"}],"author":[{"embeddable":true,"href":"https:\/\/www.egemtv.com\/index.php?rest_route=\/wp\/v2\/users\/1"}],"replies":[{"embeddable":true,"href":"https:\/\/www.egemtv.com\/index.php?rest_route=%2Fwp%2Fv2%2Fcomments&post=30825"}],"version-history":[{"count":1,"href":"https:\/\/www.egemtv.com\/index.php?rest_route=\/wp\/v2\/posts\/30825\/revisions"}],"predecessor-version":[{"id":30827,"href":"https:\/\/www.egemtv.com\/index.php?rest_route=\/wp\/v2\/posts\/30825\/revisions\/30827"}],"wp:featuredmedia":[{"embeddable":true,"href":"https:\/\/www.egemtv.com\/index.php?rest_route=\/wp\/v2\/media\/30826"}],"wp:attachment":[{"href":"https:\/\/www.egemtv.com\/index.php?rest_route=%2Fwp%2Fv2%2Fmedia&parent=30825"}],"wp:term":[{"taxonomy":"category","embeddable":true,"href":"https:\/\/www.egemtv.com\/index.php?rest_route=%2Fwp%2Fv2%2Fcategories&post=30825"},{"taxonomy":"post_tag","embeddable":true,"href":"https:\/\/www.egemtv.com\/index.php?rest_route=%2Fwp%2Fv2%2Ftags&post=30825"}],"curies":[{"name":"wp","href":"https:\/\/api.w.org\/{rel}","templated":true}]}}