{"id":30822,"date":"2025-05-23T10:55:53","date_gmt":"2025-05-23T07:55:53","guid":{"rendered":"https:\/\/www.egemtv.com\/?p=30822"},"modified":"2025-05-23T10:56:01","modified_gmt":"2025-05-23T07:56:01","slug":"otomobil-ile-carpisan-motosikletin-surucusu-hayatini-kaybetti","status":"publish","type":"post","link":"https:\/\/www.egemtv.com\/?p=30822","title":{"rendered":"Otomobil ile \u00e7arp\u0131\u015fan motosikletin s\u00fcr\u00fcc\u00fcs\u00fc hayat\u0131n\u0131 kaybetti"},"content":{"rendered":"<p>Isparta-Konya karayolunda otomobil ile motosikletin \u00e7arp\u0131\u015ft\u0131\u011f\u0131 kazada 56 ya\u015f\u0131ndaki motosiklet s\u00fcr\u00fcc\u00fcs\u00fc ya\u015fam\u0131n\u0131 yitirdi.<br \/>\n<br \/>Kaza, ge\u00e7ti\u011fimiz g\u00fcn Gelendost il\u00e7esi Isparta-Konya karayolu \u00fczerindeki \u00c7\u0131nar so\u011fuk hava deposu \u00f6n\u00fcnde meydana geldi. Edinilen bilgilere g\u00f6re, Muhuttin G. (33) y\u00f6netimindeki 06 DZD 232 plakal\u0131 otomobil, ayn\u0131 y\u00f6nde seyir halinde olan Mevl\u00fct Erdal\u2019\u0131n (56) kulland\u0131\u011f\u0131 32 KC 639 plakal\u0131 motosikletle \u00e7arp\u0131\u015ft\u0131. \u00c7arp\u0131\u015fman\u0131n \u015fiddetiyle motosiklet s\u00fcr\u00fcc\u00fcs\u00fc Mevl\u00fct Erdal yola savruldu. Kazay\u0131 g\u00f6ren vatanda\u015flar\u0131n ihbar\u0131 \u00fczerine olay yerine sa\u011fl\u0131k ve jandarma ekipleri sevk edildi. Yap\u0131lan kontrollerde motosiklet s\u00fcr\u00fcc\u00fcs\u00fc Mevl\u00fct Erdal\u2019\u0131n olay yerinde hayat\u0131n\u0131 kaybetti\u011fi belirlendi.<br \/>\n<br \/>Kaza yerinde g\u00fcvenlik \u00f6nlemleri al\u0131n\u0131rken, olayla ilgili soru\u015fturma ba\u015flat\u0131ld\u0131.<br \/><\/p>\n","protected":false},"excerpt":{"rendered":"<p>Isparta-Konya karayolunda otomobil ile motosikletin \u00e7arp\u0131\u015ft\u0131\u011f\u0131 kazada 56 ya\u015f\u0131ndaki motosiklet s\u00fcr\u00fcc\u00fcs\u00fc ya\u015fam\u0131n\u0131 yitirdi. Kaza, ge\u00e7ti\u011fimiz g\u00fcn Gelendost il\u00e7esi Isparta-Konya karayolu \u00fczerindeki \u00c7\u0131nar so\u011fuk hava deposu \u00f6n\u00fcnde meydana geldi. Edinilen bilgilere g\u00f6re, Muhuttin G. (33) y\u00f6netimindeki 06 DZD 232 plakal\u0131 otomobil, ayn\u0131 y\u00f6nde seyir halinde olan Mevl\u00fct Erdal\u2019\u0131n (56) kulland\u0131\u011f\u0131 32 KC 639 plakal\u0131 motosikletle \u00e7arp\u0131\u015ft\u0131&#8230;.<\/p>\n","protected":false},"author":1,"featured_media":30823,"comment_status":"open","ping_status":"open","sticky":false,"template":"","format":"standard","meta":{"_crdt_document":"","footnotes":""},"categories":[5],"tags":[],"class_list":["post-30822","post","type-post","status-publish","format-standard","has-post-thumbnail","hentry","category-asayis"],"_links":{"self":[{"href":"https:\/\/www.egemtv.com\/index.php?rest_route=\/wp\/v2\/posts\/30822","targetHints":{"allow":["GET"]}}],"collection":[{"href":"https:\/\/www.egemtv.com\/index.php?rest_route=\/wp\/v2\/posts"}],"about":[{"href":"https:\/\/www.egemtv.com\/index.php?rest_route=\/wp\/v2\/types\/post"}],"author":[{"embeddable":true,"href":"https:\/\/www.egemtv.com\/index.php?rest_route=\/wp\/v2\/users\/1"}],"replies":[{"embeddable":true,"href":"https:\/\/www.egemtv.com\/index.php?rest_route=%2Fwp%2Fv2%2Fcomments&post=30822"}],"version-history":[{"count":1,"href":"https:\/\/www.egemtv.com\/index.php?rest_route=\/wp\/v2\/posts\/30822\/revisions"}],"predecessor-version":[{"id":30824,"href":"https:\/\/www.egemtv.com\/index.php?rest_route=\/wp\/v2\/posts\/30822\/revisions\/30824"}],"wp:featuredmedia":[{"embeddable":true,"href":"https:\/\/www.egemtv.com\/index.php?rest_route=\/wp\/v2\/media\/30823"}],"wp:attachment":[{"href":"https:\/\/www.egemtv.com\/index.php?rest_route=%2Fwp%2Fv2%2Fmedia&parent=30822"}],"wp:term":[{"taxonomy":"category","embeddable":true,"href":"https:\/\/www.egemtv.com\/index.php?rest_route=%2Fwp%2Fv2%2Fcategories&post=30822"},{"taxonomy":"post_tag","embeddable":true,"href":"https:\/\/www.egemtv.com\/index.php?rest_route=%2Fwp%2Fv2%2Ftags&post=30822"}],"curies":[{"name":"wp","href":"https:\/\/api.w.org\/{rel}","templated":true}]}}