{"id":30819,"date":"2025-05-23T10:18:04","date_gmt":"2025-05-23T07:18:04","guid":{"rendered":"https:\/\/www.egemtv.com\/?p=30819"},"modified":"2025-05-23T10:18:09","modified_gmt":"2025-05-23T07:18:09","slug":"enflasyon-ve-genclik-gelecege-yatirim-konferansi-duzenlendi","status":"publish","type":"post","link":"https:\/\/www.egemtv.com\/?p=30819","title":{"rendered":"&#8220;Enflasyon ve Gen\u00e7lik: Gelece\u011fe Yat\u0131r\u0131m&#8221; konferans\u0131 d\u00fczenlendi"},"content":{"rendered":"<p>Afyon Kocatepe \u00dcniversitesi (AK\u00dc) Afyon Meslek Y\u00fcksekokulu (MYO) Muhasebe ve Vergi B\u00f6l\u00fcm\u00fc taraf\u0131ndan &#8220;Enflasyon ve Gen\u00e7lik: Gelece\u011fe Yat\u0131r\u0131m&#8221; konulu bir konferans ger\u00e7ekle\u015ftirildi.<br \/>\n<br \/>Afyon MYO Konferans Salonunda d\u00fczenlenen etkinli\u011fe, AK\u00dc \u0130ktisadi ve \u0130dari Bilimler Fak\u00fcltesi (\u0130\u0130BF) \u0130ktisat Politikas\u0131 Anabilim Dal\u0131 Ba\u015fkan\u0131 Prof. Dr. Erdal Demirhan konu\u015fmac\u0131 olarak kat\u0131ld\u0131. Konu\u015fmas\u0131nda enflasyon kavram\u0131n\u0131 a\u00e7\u0131klayan Prof. Dr. Demirhan, enflasyonu bir enfeksiyona benzeterek \u015fu ifadeleri kulland\u0131:<br \/>\n<br \/>&#8220;Fiyatlar\u0131n s\u00fcrekli y\u00fckseldi\u011fi bir ekonomik ortamdan s\u00f6z ediyoruz. Bu durumu, ekonomik bir vir\u00fcs gibi d\u00fc\u015f\u00fcnebiliriz. Bug\u00fcn yaln\u0131zca T\u00fcrkiye\u2019de de\u011fil, geli\u015fmi\u015f \u00fclkeler dahil d\u00fcnya genelinde enflasyon en \u00f6nemli g\u00fcndem maddelerinden biri. Bu kadar \u00f6nemli olmas\u0131n\u0131n nedeni ise, enflasyonun di\u011fer t\u00fcm ekonomik g\u00f6stergeleri etkilemesi. V\u00fccuttaki enfeksiyon nas\u0131l t\u00fcm sistemi etkiliyorsa, enflasyon da ekonominin b\u00fct\u00fcn dinamiklerini olumsuz etkiler.&#8221;<br \/>\n<br \/>Enflasyonla m\u00fccadelede kararl\u0131l\u0131\u011f\u0131n \u00f6nemine de\u011finen Demirhan, &#8220;Enflasyonu d\u00fc\u015f\u00fcrmeden al\u0131nan ekonomik \u00f6nlemler kal\u0131c\u0131 olmaz&#8221; dedi.<br \/>\n<br \/>Konferans, \u00f6\u011frencilerden gelen sorular\u0131n yan\u0131tlanmas\u0131n\u0131n ard\u0131ndan sona erdi.<br \/><\/p>\n","protected":false},"excerpt":{"rendered":"<p>Afyon Kocatepe \u00dcniversitesi (AK\u00dc) Afyon Meslek Y\u00fcksekokulu (MYO) Muhasebe ve Vergi B\u00f6l\u00fcm\u00fc taraf\u0131ndan &#8220;Enflasyon ve Gen\u00e7lik: Gelece\u011fe Yat\u0131r\u0131m&#8221; konulu bir konferans ger\u00e7ekle\u015ftirildi. Afyon MYO Konferans Salonunda d\u00fczenlenen etkinli\u011fe, AK\u00dc \u0130ktisadi ve \u0130dari Bilimler Fak\u00fcltesi (\u0130\u0130BF) \u0130ktisat Politikas\u0131 Anabilim Dal\u0131 Ba\u015fkan\u0131 Prof. Dr. Erdal Demirhan konu\u015fmac\u0131 olarak kat\u0131ld\u0131. Konu\u015fmas\u0131nda enflasyon kavram\u0131n\u0131 a\u00e7\u0131klayan Prof. Dr. Demirhan, enflasyonu&#8230;<\/p>\n","protected":false},"author":1,"featured_media":30820,"comment_status":"open","ping_status":"open","sticky":false,"template":"","format":"standard","meta":{"_crdt_document":"","footnotes":""},"categories":[1],"tags":[],"class_list":["post-30819","post","type-post","status-publish","format-standard","has-post-thumbnail","hentry","category-guncel"],"_links":{"self":[{"href":"https:\/\/www.egemtv.com\/index.php?rest_route=\/wp\/v2\/posts\/30819","targetHints":{"allow":["GET"]}}],"collection":[{"href":"https:\/\/www.egemtv.com\/index.php?rest_route=\/wp\/v2\/posts"}],"about":[{"href":"https:\/\/www.egemtv.com\/index.php?rest_route=\/wp\/v2\/types\/post"}],"author":[{"embeddable":true,"href":"https:\/\/www.egemtv.com\/index.php?rest_route=\/wp\/v2\/users\/1"}],"replies":[{"embeddable":true,"href":"https:\/\/www.egemtv.com\/index.php?rest_route=%2Fwp%2Fv2%2Fcomments&post=30819"}],"version-history":[{"count":1,"href":"https:\/\/www.egemtv.com\/index.php?rest_route=\/wp\/v2\/posts\/30819\/revisions"}],"predecessor-version":[{"id":30821,"href":"https:\/\/www.egemtv.com\/index.php?rest_route=\/wp\/v2\/posts\/30819\/revisions\/30821"}],"wp:featuredmedia":[{"embeddable":true,"href":"https:\/\/www.egemtv.com\/index.php?rest_route=\/wp\/v2\/media\/30820"}],"wp:attachment":[{"href":"https:\/\/www.egemtv.com\/index.php?rest_route=%2Fwp%2Fv2%2Fmedia&parent=30819"}],"wp:term":[{"taxonomy":"category","embeddable":true,"href":"https:\/\/www.egemtv.com\/index.php?rest_route=%2Fwp%2Fv2%2Fcategories&post=30819"},{"taxonomy":"post_tag","embeddable":true,"href":"https:\/\/www.egemtv.com\/index.php?rest_route=%2Fwp%2Fv2%2Ftags&post=30819"}],"curies":[{"name":"wp","href":"https:\/\/api.w.org\/{rel}","templated":true}]}}