{"id":30816,"date":"2025-05-23T09:56:29","date_gmt":"2025-05-23T06:56:29","guid":{"rendered":"https:\/\/www.egemtv.com\/?p=30816"},"modified":"2025-05-23T09:56:34","modified_gmt":"2025-05-23T06:56:34","slug":"yasar-universitesi-kampusunde-bahar-senligi-coskusu","status":"publish","type":"post","link":"https:\/\/www.egemtv.com\/?p=30816","title":{"rendered":"Ya\u015far \u00dcniversitesi kamp\u00fcs\u00fcnde bahar \u015fenli\u011fi co\u015fkusu"},"content":{"rendered":"<p>Bu sene 23\u2019\u00fcnc\u00fcs\u00fc d\u00fczenlenen Ya\u015far \u00dcniversitesi Bahar \u015eenlikleri co\u015fkulu ge\u00e7ti. \u00d6\u011frenciler konser, tiyatro g\u00f6sterisi ve spor yar\u0131\u015fmalar\u0131 ile final s\u0131navlar\u0131 \u00f6ncesi moral buldu. \u015eenli\u011fin son g\u00fcn\u00fcnde Can Bonomo, sevilen \u015fark\u0131lar\u0131n\u0131 binlerce \u00f6\u011frenciyle birlikte s\u00f6yledi.<br \/>\n<br \/>Ya\u015far \u00dcniversitesi\u2019nde d\u00fczenlenen geleneksel bahar \u015fenli\u011fi, spor ve e\u011flenceyi bir araya getirdi. \u00dcniversitenin Sel\u00e7uk Ya\u015far Kamp\u00fcs\u00fc\u2019nde iki g\u00fcn s\u00fcren \u015fenlikte, \u00f6\u011frenciler; konser, s\u00f6yle\u015fi, dinleti etkinleri ve spor yar\u0131\u015fmalar\u0131 ile final s\u0131navlar\u0131 \u00f6ncesi moral depolad\u0131. \u0130lk g\u00fcn DJ Ali Ta\u015f, ikinci g\u00fcn ise \u00fcnl\u00fc sanat\u00e7\u0131 Can Bonomo sahne ald\u0131.<br \/>\n<br \/>\u015eenli\u011fin ilk g\u00fcn\u00fcnde, sponsor arabalar\u0131n\u0131n yer ald\u0131\u011f\u0131 festival alan\u0131nda zumba ve \u00e7e\u015fitli yar\u0131\u015fmalar d\u00fczenlendi. Dans Topluluklar\u0131, halk danslar\u0131, latin ve hiphop tarzlar\u0131nda haz\u0131rlad\u0131klar\u0131 \u00f6zel koreografileri sergilerken Tiyatro Toplulu\u011fu ise Tamamen Doluyuz adl\u0131 oyunu sahneledi. Ya\u015far \u00dcniversitesi \u00f6\u011frencilerinden olu\u015fan Aforoz, Nokta, Kumbela ve Bensu \u00d6zdemir isimli m\u00fczik gruplar\u0131 sahne alarak m\u00fczik dolu bir g\u00fcn ya\u015fatt\u0131. \u00dcniversite radyosu RadYU\u2019nun DJ performans\u0131n\u0131n ard\u0131ndan sahneyi \u00fcnl\u00fc DJ Ali Ta\u015f alarak seyircileri 80\u2019ler 90\u2019lar \u015fark\u0131lar\u0131yla co\u015fturdu. Ayr\u0131ca, P\u0131nar, Redbull ve Macfit de iki g\u00fcn boyunca \u00e7e\u015fitli etkinlikler ger\u00e7ekle\u015ftirdi. \u015eenlik kapsam\u0131nda, Fransa, Pakistan, \u0130rlanda, ABD, Libya, \u00d6zbekistan\u2019dan gelip Ya\u015far \u00dcniversitesi\u2019nde e\u011fitim g\u00f6ren \u00f6\u011frencilerin kat\u0131l\u0131m\u0131yla &#8220;Uluslararas\u0131 K\u00fclt\u00fcr Etkinlikleri&#8221; d\u00fczenledi. Yabanc\u0131 \u00f6\u011frencilerin kendi \u00fclkelerine \u00f6zg\u00fc k\u0131yafetleri giydi\u011fi, yemeklerini, danslar\u0131n\u0131 ve k\u00fclt\u00fcrlerini tan\u0131tt\u0131\u011f\u0131 etkinlik, b\u00fcy\u00fck ilgi g\u00f6rd\u00fc.<br \/>\n<br \/>\u015eenli\u011fin ikinci g\u00fcn\u00fcnde ise Gastronomi Toplulu\u011fu, &#8220;Dama\u011f\u0131n Haf\u0131zas\u0131&#8221; isimli bir tad\u0131m yar\u0131\u015fmas\u0131 yapt\u0131. Ok\u00e7uluk Toplulu\u011fu\u2019nun spor salonunda d\u00fczenledi\u011fi yar\u0131\u015fmada ise 4 tak\u0131m m\u00fccadele etti. \u0130lk \u00fc\u00e7 tak\u0131ma alt\u0131n, g\u00fcm\u00fc\u015f ve bronz madalya verildi. Ak\u015fam ise \u00fcnl\u00fc sanat\u00e7\u0131 Can Bonomo alk\u0131\u015f ve heyecanla kar\u015f\u0131lanarak &#8220;Meczup&#8221;, &#8220;Hikayem Bitmedi&#8221;, &#8220;G\u00fcne\u015f&#8221; gibi sevilen \u015fark\u0131lar\u0131n\u0131 konser alan\u0131n\u0131 dolduran binlerce \u00f6\u011frenciyle birlikte s\u00f6yledi. Bonomo, &#8220;Gen\u00e7lerle bir arada olmak \u00e7ok g\u00fczel&#8221; dedi.<br \/><\/p>\n","protected":false},"excerpt":{"rendered":"<p>Bu sene 23\u2019\u00fcnc\u00fcs\u00fc d\u00fczenlenen Ya\u015far \u00dcniversitesi Bahar \u015eenlikleri co\u015fkulu ge\u00e7ti. \u00d6\u011frenciler konser, tiyatro g\u00f6sterisi ve spor yar\u0131\u015fmalar\u0131 ile final s\u0131navlar\u0131 \u00f6ncesi moral buldu. \u015eenli\u011fin son g\u00fcn\u00fcnde Can Bonomo, sevilen \u015fark\u0131lar\u0131n\u0131 binlerce \u00f6\u011frenciyle birlikte s\u00f6yledi. Ya\u015far \u00dcniversitesi\u2019nde d\u00fczenlenen geleneksel bahar \u015fenli\u011fi, spor ve e\u011flenceyi bir araya getirdi. \u00dcniversitenin Sel\u00e7uk Ya\u015far Kamp\u00fcs\u00fc\u2019nde iki g\u00fcn s\u00fcren \u015fenlikte, \u00f6\u011frenciler;&#8230;<\/p>\n","protected":false},"author":1,"featured_media":30817,"comment_status":"open","ping_status":"open","sticky":false,"template":"","format":"standard","meta":{"_crdt_document":"","footnotes":""},"categories":[1],"tags":[],"class_list":["post-30816","post","type-post","status-publish","format-standard","has-post-thumbnail","hentry","category-guncel"],"_links":{"self":[{"href":"https:\/\/www.egemtv.com\/index.php?rest_route=\/wp\/v2\/posts\/30816","targetHints":{"allow":["GET"]}}],"collection":[{"href":"https:\/\/www.egemtv.com\/index.php?rest_route=\/wp\/v2\/posts"}],"about":[{"href":"https:\/\/www.egemtv.com\/index.php?rest_route=\/wp\/v2\/types\/post"}],"author":[{"embeddable":true,"href":"https:\/\/www.egemtv.com\/index.php?rest_route=\/wp\/v2\/users\/1"}],"replies":[{"embeddable":true,"href":"https:\/\/www.egemtv.com\/index.php?rest_route=%2Fwp%2Fv2%2Fcomments&post=30816"}],"version-history":[{"count":1,"href":"https:\/\/www.egemtv.com\/index.php?rest_route=\/wp\/v2\/posts\/30816\/revisions"}],"predecessor-version":[{"id":30818,"href":"https:\/\/www.egemtv.com\/index.php?rest_route=\/wp\/v2\/posts\/30816\/revisions\/30818"}],"wp:featuredmedia":[{"embeddable":true,"href":"https:\/\/www.egemtv.com\/index.php?rest_route=\/wp\/v2\/media\/30817"}],"wp:attachment":[{"href":"https:\/\/www.egemtv.com\/index.php?rest_route=%2Fwp%2Fv2%2Fmedia&parent=30816"}],"wp:term":[{"taxonomy":"category","embeddable":true,"href":"https:\/\/www.egemtv.com\/index.php?rest_route=%2Fwp%2Fv2%2Fcategories&post=30816"},{"taxonomy":"post_tag","embeddable":true,"href":"https:\/\/www.egemtv.com\/index.php?rest_route=%2Fwp%2Fv2%2Ftags&post=30816"}],"curies":[{"name":"wp","href":"https:\/\/api.w.org\/{rel}","templated":true}]}}