{"id":30810,"date":"2025-05-23T09:56:19","date_gmt":"2025-05-23T06:56:19","guid":{"rendered":"https:\/\/www.egemtv.com\/?p=30810"},"modified":"2025-05-23T09:56:24","modified_gmt":"2025-05-23T06:56:24","slug":"kutahyada-imam-hatip-lisesi-ogrencilerinden-mezarlik-ve-sehitlige-manevi-ziyaret","status":"publish","type":"post","link":"https:\/\/www.egemtv.com\/?p=30810","title":{"rendered":"K\u00fctahya\u2019da \u0130mam Hatip Lisesi \u00f6\u011frencilerinden mezarl\u0131k ve \u015fehitli\u011fe manevi ziyaret"},"content":{"rendered":"<p>K\u00fctahya Ak\u015femsettin K\u0131z Anadolu \u0130mam Hatip Lisesinde Hitabet ve Mesleki Uygulama dersi \u00e7er\u00e7evesinde \u00f6\u011frenciler Evliya \u00c7elebi Mezarl\u0131\u011f\u0131 ve Tayyare \u015eehitli\u011fini ziyaret etti.<br \/>\n<br \/>Gassal Hatice \u00d6\u011flek ve Gassal Meryem Aydo\u011fdu\u2019nun rehberlik etti\u011fi ziyaret boyunca \u00f6\u011frenciler, cenazenin y\u0131kanmas\u0131 ve kefenlenmesi s\u00fcre\u00e7leri hakk\u0131nda uygulamal\u0131 bilgiler ald\u0131. Ayr\u0131ca \u00f6\u011frenciler, kimsesiz ve bak\u0131ms\u0131z mezarl\u0131klar\u0131 temizleyip \u00e7i\u00e7ekler dikerek hem vefa \u00f6rne\u011fi g\u00f6sterdi, hem de \u00e7evreye duyarl\u0131l\u0131k bilinci kazand\u0131. Ziyarette, t\u00fcm \u015fehitler ve ge\u00e7mi\u015fler i\u00e7in yap\u0131lan dualardan sonra M\u00fcd\u00fcr Yard\u0131mc\u0131s\u0131 Muhammed D\u00f6nmez Yasin-i \u015eerif okudu.<br \/>\n<br \/>Okul M\u00fcd\u00fcr\u00fc  Vehbi Keler, ge\u00e7icili\u011fini unuttuklar\u0131 d\u00fcnyada, gen\u00e7 y\u00fcreklerde derin izler b\u0131rakan bu anlaml\u0131 ziyaretin, hayat\u0131n hakikatine dokunan g\u00fczel bir ad\u0131m oldu\u011funa inand\u0131klar\u0131n\u0131 s\u00f6yleyerek, organizasyonu titizlikle planlayan Meslek Dersleri \u00d6\u011fretmeni Meral \u00d6zkanat\u2019a te\u015fekk\u00fcr etti.<br \/><\/p>\n","protected":false},"excerpt":{"rendered":"<p>K\u00fctahya Ak\u015femsettin K\u0131z Anadolu \u0130mam Hatip Lisesinde Hitabet ve Mesleki Uygulama dersi \u00e7er\u00e7evesinde \u00f6\u011frenciler Evliya \u00c7elebi Mezarl\u0131\u011f\u0131 ve Tayyare \u015eehitli\u011fini ziyaret etti. Gassal Hatice \u00d6\u011flek ve Gassal Meryem Aydo\u011fdu\u2019nun rehberlik etti\u011fi ziyaret boyunca \u00f6\u011frenciler, cenazenin y\u0131kanmas\u0131 ve kefenlenmesi s\u00fcre\u00e7leri hakk\u0131nda uygulamal\u0131 bilgiler ald\u0131. Ayr\u0131ca \u00f6\u011frenciler, kimsesiz ve bak\u0131ms\u0131z mezarl\u0131klar\u0131 temizleyip \u00e7i\u00e7ekler dikerek hem vefa \u00f6rne\u011fi&#8230;<\/p>\n","protected":false},"author":1,"featured_media":30811,"comment_status":"open","ping_status":"open","sticky":false,"template":"","format":"standard","meta":{"_crdt_document":"","footnotes":""},"categories":[1],"tags":[],"class_list":["post-30810","post","type-post","status-publish","format-standard","has-post-thumbnail","hentry","category-guncel"],"_links":{"self":[{"href":"https:\/\/www.egemtv.com\/index.php?rest_route=\/wp\/v2\/posts\/30810","targetHints":{"allow":["GET"]}}],"collection":[{"href":"https:\/\/www.egemtv.com\/index.php?rest_route=\/wp\/v2\/posts"}],"about":[{"href":"https:\/\/www.egemtv.com\/index.php?rest_route=\/wp\/v2\/types\/post"}],"author":[{"embeddable":true,"href":"https:\/\/www.egemtv.com\/index.php?rest_route=\/wp\/v2\/users\/1"}],"replies":[{"embeddable":true,"href":"https:\/\/www.egemtv.com\/index.php?rest_route=%2Fwp%2Fv2%2Fcomments&post=30810"}],"version-history":[{"count":1,"href":"https:\/\/www.egemtv.com\/index.php?rest_route=\/wp\/v2\/posts\/30810\/revisions"}],"predecessor-version":[{"id":30812,"href":"https:\/\/www.egemtv.com\/index.php?rest_route=\/wp\/v2\/posts\/30810\/revisions\/30812"}],"wp:featuredmedia":[{"embeddable":true,"href":"https:\/\/www.egemtv.com\/index.php?rest_route=\/wp\/v2\/media\/30811"}],"wp:attachment":[{"href":"https:\/\/www.egemtv.com\/index.php?rest_route=%2Fwp%2Fv2%2Fmedia&parent=30810"}],"wp:term":[{"taxonomy":"category","embeddable":true,"href":"https:\/\/www.egemtv.com\/index.php?rest_route=%2Fwp%2Fv2%2Fcategories&post=30810"},{"taxonomy":"post_tag","embeddable":true,"href":"https:\/\/www.egemtv.com\/index.php?rest_route=%2Fwp%2Fv2%2Ftags&post=30810"}],"curies":[{"name":"wp","href":"https:\/\/api.w.org\/{rel}","templated":true}]}}