{"id":30807,"date":"2025-05-23T09:56:16","date_gmt":"2025-05-23T06:56:16","guid":{"rendered":"https:\/\/www.egemtv.com\/?p=30807"},"modified":"2025-05-23T09:56:19","modified_gmt":"2025-05-23T06:56:19","slug":"tavsanlida-fide-dagitimi-izdihama-sebep-oldu","status":"publish","type":"post","link":"https:\/\/www.egemtv.com\/?p=30807","title":{"rendered":"Tav\u015fanl\u0131\u2019da fide da\u011f\u0131t\u0131m\u0131 izdihama sebep oldu"},"content":{"rendered":"<p>K\u00fctahya\u2019n\u0131n Tav\u015fanl\u0131 il\u00e7esinde, Tav\u015fanl\u0131 Belediyesi taraf\u0131ndan Cumhuriyet Meydan\u0131\u2019nda ger\u00e7ekle\u015ftirilen \u00fccretsiz fide da\u011f\u0131t\u0131m\u0131 s\u0131ras\u0131nda izdiham ya\u015fand\u0131. Belediye personeli taraf\u0131ndan vatanda\u015flara sunulan fideler, yo\u011fun ilgi g\u00f6rd\u00fc ve k\u0131sa s\u00fcrede kalabal\u0131k olu\u015ftu.<br \/>\n<br \/>Belediyenin bahar\u0131n m\u00fcjdecisi olarak d\u00fczenledi\u011fi fide da\u011f\u0131t\u0131m\u0131na Tav\u015fanl\u0131 halk\u0131 b\u00fcy\u00fck ilgi g\u00f6sterdi. \u00c7e\u015fitli sebze ve \u00e7i\u00e7ek fidelerinin da\u011f\u0131t\u0131ld\u0131\u011f\u0131 etkinlikte, vatanda\u015flar \u00fccretsiz fidelerden alabilmek i\u00e7in birbirleriyle yar\u0131\u015ft\u0131. Meydanda olu\u015fan yo\u011funluk zaman zaman izdihama yol a\u00e7t\u0131.<br \/>\n<br \/>Belediye personeli, izdiham\u0131 kontrol alt\u0131na almakta zorlan\u0131rken, baz\u0131 vatanda\u015flar ezilme tehlikesi ya\u015fad\u0131. Da\u011f\u0131t\u0131m s\u0131ras\u0131nda ya\u015fanan karma\u015fa nedeniyle baz\u0131 fideler zarar g\u00f6rd\u00fc. Olay yerinde zab\u0131ta ekipleri de kalabal\u0131\u011f\u0131 sakinle\u015ftirmeye \u00e7al\u0131\u015ft\u0131.<br \/>\n<br \/>Ya\u015fanan izdihama ra\u011fmen, bir\u00e7ok vatanda\u015f da\u011f\u0131t\u0131mdan memnun ayr\u0131ld\u0131. \u0130zdiham\u0131n ard\u0131ndan meydan yava\u015f yava\u015f bo\u015fal\u0131rken, belediye personelinin temizlik \u00e7al\u0131\u015fmalar\u0131 ba\u015flatt\u0131\u011f\u0131 g\u00f6r\u00fcld\u00fc.<br \/><\/p>\n","protected":false},"excerpt":{"rendered":"<p>K\u00fctahya\u2019n\u0131n Tav\u015fanl\u0131 il\u00e7esinde, Tav\u015fanl\u0131 Belediyesi taraf\u0131ndan Cumhuriyet Meydan\u0131\u2019nda ger\u00e7ekle\u015ftirilen \u00fccretsiz fide da\u011f\u0131t\u0131m\u0131 s\u0131ras\u0131nda izdiham ya\u015fand\u0131. Belediye personeli taraf\u0131ndan vatanda\u015flara sunulan fideler, yo\u011fun ilgi g\u00f6rd\u00fc ve k\u0131sa s\u00fcrede kalabal\u0131k olu\u015ftu. Belediyenin bahar\u0131n m\u00fcjdecisi olarak d\u00fczenledi\u011fi fide da\u011f\u0131t\u0131m\u0131na Tav\u015fanl\u0131 halk\u0131 b\u00fcy\u00fck ilgi g\u00f6sterdi. \u00c7e\u015fitli sebze ve \u00e7i\u00e7ek fidelerinin da\u011f\u0131t\u0131ld\u0131\u011f\u0131 etkinlikte, vatanda\u015flar \u00fccretsiz fidelerden alabilmek i\u00e7in birbirleriyle yar\u0131\u015ft\u0131&#8230;.<\/p>\n","protected":false},"author":1,"featured_media":30808,"comment_status":"open","ping_status":"open","sticky":false,"template":"","format":"standard","meta":{"_crdt_document":"","footnotes":""},"categories":[125],"tags":[],"class_list":["post-30807","post","type-post","status-publish","format-standard","has-post-thumbnail","hentry","category-ekonomi"],"_links":{"self":[{"href":"https:\/\/www.egemtv.com\/index.php?rest_route=\/wp\/v2\/posts\/30807","targetHints":{"allow":["GET"]}}],"collection":[{"href":"https:\/\/www.egemtv.com\/index.php?rest_route=\/wp\/v2\/posts"}],"about":[{"href":"https:\/\/www.egemtv.com\/index.php?rest_route=\/wp\/v2\/types\/post"}],"author":[{"embeddable":true,"href":"https:\/\/www.egemtv.com\/index.php?rest_route=\/wp\/v2\/users\/1"}],"replies":[{"embeddable":true,"href":"https:\/\/www.egemtv.com\/index.php?rest_route=%2Fwp%2Fv2%2Fcomments&post=30807"}],"version-history":[{"count":1,"href":"https:\/\/www.egemtv.com\/index.php?rest_route=\/wp\/v2\/posts\/30807\/revisions"}],"predecessor-version":[{"id":30809,"href":"https:\/\/www.egemtv.com\/index.php?rest_route=\/wp\/v2\/posts\/30807\/revisions\/30809"}],"wp:featuredmedia":[{"embeddable":true,"href":"https:\/\/www.egemtv.com\/index.php?rest_route=\/wp\/v2\/media\/30808"}],"wp:attachment":[{"href":"https:\/\/www.egemtv.com\/index.php?rest_route=%2Fwp%2Fv2%2Fmedia&parent=30807"}],"wp:term":[{"taxonomy":"category","embeddable":true,"href":"https:\/\/www.egemtv.com\/index.php?rest_route=%2Fwp%2Fv2%2Fcategories&post=30807"},{"taxonomy":"post_tag","embeddable":true,"href":"https:\/\/www.egemtv.com\/index.php?rest_route=%2Fwp%2Fv2%2Ftags&post=30807"}],"curies":[{"name":"wp","href":"https:\/\/api.w.org\/{rel}","templated":true}]}}