{"id":30804,"date":"2025-05-23T09:56:11","date_gmt":"2025-05-23T06:56:11","guid":{"rendered":"https:\/\/www.egemtv.com\/?p=30804"},"modified":"2025-05-23T09:56:16","modified_gmt":"2025-05-23T06:56:16","slug":"saglikli-cocuk-saglikli-gelecek-projesi-beyazit-ilkokulunda-hayata-gecti","status":"publish","type":"post","link":"https:\/\/www.egemtv.com\/?p=30804","title":{"rendered":"&#8220;Sa\u011fl\u0131kl\u0131 \u00c7ocuk, Sa\u011fl\u0131kl\u0131 Gelecek&#8221; Projesi Beyaz\u0131t \u0130lkokulu\u2019nda hayata ge\u00e7ti"},"content":{"rendered":"<p>Sa\u011fl\u0131k Bakanl\u0131\u011f\u0131 ile Mill\u00ee E\u011fitim Bakanl\u0131\u011f\u0131 aras\u0131nda imzalanan protokol \u00e7er\u00e7evesinde Afyonkarahisar Beyaz\u0131t \u0130lkokulu\u2019nda d\u00fczenlenen etkinlikte \u00f6\u011frenciler, sa\u011fl\u0131kl\u0131 ya\u015fam al\u0131\u015fkanl\u0131klar\u0131 konusunda e\u011fitim ald\u0131.<br \/>\n<br \/>Programda; sa\u011fl\u0131kl\u0131 beslenme, hareket, hijyen ve afet bilinci gibi konular uzmanlar taraf\u0131ndan \u00f6\u011frencilere interaktif etkinliklerle aktar\u0131ld\u0131. Aile hekimi, di\u015f hekimi, diyetisyen, fizyoterapist, hem\u015fire, 112 ve UMKE ekiplerinden olu\u015fan sa\u011fl\u0131k \u00e7al\u0131\u015fanlar\u0131, ilgili ara\u00e7 ve materyallerle \u00f6\u011frencilere kendi uzmanl\u0131k alanlar\u0131nda bilgi verdi, sorular\u0131 yan\u0131tlad\u0131. El y\u0131kama ve di\u015f temizli\u011finden k\u00f6t\u00fc al\u0131\u015fkanl\u0131klardan korunmaya, afet an\u0131nda do\u011fru davran\u0131\u015flardan telsizle haberle\u015fmeye kadar bir\u00e7ok alanda uygulamal\u0131 e\u011fitim alan \u00f6\u011frenciler, \u00f6\u011frendiklerini okul bah\u00e7esinde kurulan stantlarda ziyaret\u00e7ilere anlatt\u0131. G\u00fcn boyunca \u00e7e\u015fitli e\u011fitici oyunlar oynayan \u00f6\u011frenciler, spor e\u011fitmenleri e\u015fli\u011finde egzersiz yaparak hem \u00f6\u011frendi hem e\u011flendi.<br \/>\n<br \/>Etkinli\u011fe, Vali Yard\u0131mc\u0131s\u0131 U\u011fur Kolsuz, \u0130l Sa\u011fl\u0131k M\u00fcd\u00fcrl\u00fc\u011f\u00fc ve \u0130l Mill\u00ee E\u011fitim M\u00fcd\u00fcrl\u00fc\u011f\u00fc y\u00f6neticileri ile Gen\u00e7lik ve Spor \u0130l M\u00fcd\u00fcrl\u00fc\u011f\u00fc ve Ye\u015filay temsilcileri de kat\u0131larak destek verdi.<br \/><\/p>\n","protected":false},"excerpt":{"rendered":"<p>Sa\u011fl\u0131k Bakanl\u0131\u011f\u0131 ile Mill\u00ee E\u011fitim Bakanl\u0131\u011f\u0131 aras\u0131nda imzalanan protokol \u00e7er\u00e7evesinde Afyonkarahisar Beyaz\u0131t \u0130lkokulu\u2019nda d\u00fczenlenen etkinlikte \u00f6\u011frenciler, sa\u011fl\u0131kl\u0131 ya\u015fam al\u0131\u015fkanl\u0131klar\u0131 konusunda e\u011fitim ald\u0131. Programda; sa\u011fl\u0131kl\u0131 beslenme, hareket, hijyen ve afet bilinci gibi konular uzmanlar taraf\u0131ndan \u00f6\u011frencilere interaktif etkinliklerle aktar\u0131ld\u0131. Aile hekimi, di\u015f hekimi, diyetisyen, fizyoterapist, hem\u015fire, 112 ve UMKE ekiplerinden olu\u015fan sa\u011fl\u0131k \u00e7al\u0131\u015fanlar\u0131, ilgili ara\u00e7 ve&#8230;<\/p>\n","protected":false},"author":1,"featured_media":30805,"comment_status":"open","ping_status":"open","sticky":false,"template":"","format":"standard","meta":{"_crdt_document":"","footnotes":""},"categories":[2],"tags":[],"class_list":["post-30804","post","type-post","status-publish","format-standard","has-post-thumbnail","hentry","category-saglik"],"_links":{"self":[{"href":"https:\/\/www.egemtv.com\/index.php?rest_route=\/wp\/v2\/posts\/30804","targetHints":{"allow":["GET"]}}],"collection":[{"href":"https:\/\/www.egemtv.com\/index.php?rest_route=\/wp\/v2\/posts"}],"about":[{"href":"https:\/\/www.egemtv.com\/index.php?rest_route=\/wp\/v2\/types\/post"}],"author":[{"embeddable":true,"href":"https:\/\/www.egemtv.com\/index.php?rest_route=\/wp\/v2\/users\/1"}],"replies":[{"embeddable":true,"href":"https:\/\/www.egemtv.com\/index.php?rest_route=%2Fwp%2Fv2%2Fcomments&post=30804"}],"version-history":[{"count":1,"href":"https:\/\/www.egemtv.com\/index.php?rest_route=\/wp\/v2\/posts\/30804\/revisions"}],"predecessor-version":[{"id":30806,"href":"https:\/\/www.egemtv.com\/index.php?rest_route=\/wp\/v2\/posts\/30804\/revisions\/30806"}],"wp:featuredmedia":[{"embeddable":true,"href":"https:\/\/www.egemtv.com\/index.php?rest_route=\/wp\/v2\/media\/30805"}],"wp:attachment":[{"href":"https:\/\/www.egemtv.com\/index.php?rest_route=%2Fwp%2Fv2%2Fmedia&parent=30804"}],"wp:term":[{"taxonomy":"category","embeddable":true,"href":"https:\/\/www.egemtv.com\/index.php?rest_route=%2Fwp%2Fv2%2Fcategories&post=30804"},{"taxonomy":"post_tag","embeddable":true,"href":"https:\/\/www.egemtv.com\/index.php?rest_route=%2Fwp%2Fv2%2Ftags&post=30804"}],"curies":[{"name":"wp","href":"https:\/\/api.w.org\/{rel}","templated":true}]}}