{"id":30798,"date":"2025-05-23T09:36:37","date_gmt":"2025-05-23T06:36:37","guid":{"rendered":"https:\/\/www.egemtv.com\/?p=30798"},"modified":"2025-05-23T09:36:41","modified_gmt":"2025-05-23T06:36:41","slug":"denizli-tekden-hastanesi-bashekimligine-tecrubeli-isim-getirildi","status":"publish","type":"post","link":"https:\/\/www.egemtv.com\/?p=30798","title":{"rendered":"Denizli Tekden Hastanesi Ba\u015fhekimli\u011fine tecr\u00fcbeli isim getirildi"},"content":{"rendered":"<p>Denizli\u2019de \u00f6nc\u00fc sa\u011fl\u0131k kurulu\u015flar\u0131ndan olan \u00d6zel Denizli Tekden Hastanesi\u2019nde Ba\u015fhekimlik g\u00f6revine, G\u00f6\u011f\u00fcs Hastal\u0131klar\u0131 Uzman\u0131 Uz. Dr. Hulusi Deniz O\u011fuz getirildi. Tekden Hastaneleri Y\u00f6netim Kurulu Ba\u015fkan\u0131 Op. Dr. Kemal Tekden ve Y\u00f6netim Kurulu Ba\u015fkan Yard\u0131mc\u0131s\u0131 Ruziye Tekden\u2019in kat\u0131l\u0131m\u0131yla d\u00fczenlenen Ba\u015fhekimlik devir teslim t\u00f6reninde Dr. \u015eakir Bayur g\u00f6revini, Uz. Dr. Hulusi Deniz O\u011fuz\u2019a teslim etti.<\/p>\n<p>\u00d6zel Denizli Tekden Hastanesi\u2019nde ger\u00e7ekle\u015fen Ba\u015fhekimlik devir-teslim t\u00f6reninde konu\u015fan Tekden Hastaneleri Y\u00f6netim Kurulu Ba\u015fkan\u0131 Op. Dr. Kemal Tekden, &#8220;23 y\u0131ld\u0131r Denizli\u2019de sa\u011fl\u0131k alan\u0131nda ger\u00e7ekle\u015ftirdi\u011fimiz hizmetlerimizin her zaman daha kaliteli olmas\u0131 i\u00e7in m\u00fccadele ettik. Bu m\u00fccadele sonucu Denizli\u2019de aile ortam\u0131 olan bir hastane olu\u015fturduk. Bug\u00fcn bu bayrak de\u011fi\u015fimi ile her zaman yeniliklere dayal\u0131 hizmetimizde bir ad\u0131m daha atarak tecr\u00fcbesi ile bizlerin daha da kaliteli hizmet vermesinde b\u00fcy\u00fck bir rol oynayaca\u011f\u0131na inand\u0131\u011f\u0131m\u0131z Uz. Dr. Hulusi Deniz O\u011fuz bey hastanemizde ba\u015fhekimli\u011fe geldi. Kendisinin tecr\u00fcbesine ve ge\u00e7mi\u015f y\u0131llarda g\u00f6stermi\u015f oldu\u011fu hizmetlere \u015fahit olduk. Umuyoruz ki kendisi hastanemiz ad\u0131na da bu \u00f6zveri ve gayretle g\u00fczel ve \u00f6rnek olacak i\u015flere imzas\u0131n\u0131 atacakt\u0131r. Bu vesileyle y\u0131llard\u0131r hastanemizde Ba\u015fhekimlik g\u00f6revini ifa eden Dr. \u015eakir Bayur karde\u015fime de hastanemizde ba\u015fhekimlik g\u00f6revi boyunca vermi\u015f oldu\u011fu hizmetlerden dolay\u0131 te\u015fekk\u00fcr ediyoruz. Biz burada t\u00fcm hekim kadromuz ve t\u00fcm \u00e7al\u0131\u015fanlar\u0131m\u0131z ile b\u00fcy\u00fck bir aileyiz. Bu de\u011fi\u015fiminde t\u00fcm Denizli\u2019ye ve sa\u011fl\u0131k camiam\u0131za hay\u0131rlara vesile olmas\u0131n\u0131 temenni ediyoruz&#8221; \u015feklinde konu\u015ftu.<\/p>\n<p>&#8220;Var g\u00fcc\u00fcm\u00fczle i\u015fimizin ba\u015f\u0131nday\u0131z&#8221;<br \/>\n<br \/>Tekden Hastanesi\u2019nde yeni ba\u015fhekim olan Uz. Dr. Hulusi Deniz O\u011fuz, &#8220;Hastanemizin sa\u011fl\u0131k sekt\u00f6r\u00fcnde g\u00f6stermi\u015f oldu\u011fu hizmetler gelece\u011fimize de \u0131\u015f\u0131k tutacakt\u0131r&#8221; diyen Ba\u015fhekim O\u011fuz yapt\u0131\u011f\u0131 konu\u015fmada,&#8221; Bir aileden daha fazlas\u0131 olan Tekden Hastaneleri, Denizli\u2019de g\u00f6stermi\u015f oldu\u011fu sa\u011fl\u0131k hizmetindeki ba\u015far\u0131lar\u0131yla gelece\u011fimizin en b\u00fcy\u00fck \u0131\u015f\u0131k kayna\u011f\u0131 olmu\u015ftur. Bu ge\u00e7mi\u015f ile gelecekte hizmet kalitemizi daha da ileriye ta\u015f\u0131man\u0131n gayretinde olaca\u011f\u0131z. Bizlere bu g\u00f6revi lay\u0131k g\u00f6ren Y\u00f6netim Kurulu Ba\u015fkan\u0131m\u0131z Op. Dr. Kemal Tekden\u2019e ve Y\u00f6netim Kurulu Ba\u015fkan Yard\u0131mc\u0131m\u0131z Ruziye Tekden\u2019e, te\u015fekk\u00fcr ederim. Ba\u015fhekimlik g\u00f6revini \u015fahs\u0131ma ba\u015far\u0131yla devreden ve bug\u00fcne kadar g\u00f6stermi\u015f oldu\u011fu hizmetlerden dolay\u0131 Doktor \u015eakir Bayur\u2019a da te\u015fekk\u00fcr\u00fc bir bor\u00e7 biliyorum&#8221; ifadelerini kulland\u0131.<\/p>\n<p>&#8220;O\u011fuz\u2019a ba\u015far\u0131lar dilerim&#8221;<br \/>\n<br \/>Tekden Hastanesi\u2019nin y\u0131llard\u0131r bir ferdi olarak bu g\u00f6revi gururla ta\u015f\u0131d\u0131\u011f\u0131n\u0131 belirten Dr. \u015eakir Bayur ise &#8220;Hedeflerimiz ama\u00e7lar\u0131m\u0131z bir, sa\u011fl\u0131k sekt\u00f6r\u00fcn\u00fcn \u00f6nc\u00fc kurulu\u015fu olmaktan dolay\u0131 gurur duyuyoruz. Bug\u00fcn g\u00f6revi Uz. Dr. Hulusi Deniz O\u011fuz hocam\u0131za devrettim. Kendisinin de ba\u015far\u0131l\u0131 olaca\u011f\u0131ndan eminim ben kendisinin her zaman yan\u0131nda olaca\u011f\u0131ma s\u00f6z veriyorum. Ve kendisinin ba\u015far\u0131l\u0131 olaca\u011f\u0131ndan da fazlas\u0131yla eminim sa\u011fl\u0131k camiam\u0131za ve hastanemize hay\u0131rl\u0131 olsun&#8221; dedi.<br \/><\/p>\n","protected":false},"excerpt":{"rendered":"<p>Denizli\u2019de \u00f6nc\u00fc sa\u011fl\u0131k kurulu\u015flar\u0131ndan olan \u00d6zel Denizli Tekden Hastanesi\u2019nde Ba\u015fhekimlik g\u00f6revine, G\u00f6\u011f\u00fcs Hastal\u0131klar\u0131 Uzman\u0131 Uz. Dr. Hulusi Deniz O\u011fuz getirildi. Tekden Hastaneleri Y\u00f6netim Kurulu Ba\u015fkan\u0131 Op. Dr. Kemal Tekden ve Y\u00f6netim Kurulu Ba\u015fkan Yard\u0131mc\u0131s\u0131 Ruziye Tekden\u2019in kat\u0131l\u0131m\u0131yla d\u00fczenlenen Ba\u015fhekimlik devir teslim t\u00f6reninde Dr. \u015eakir Bayur g\u00f6revini, Uz. Dr. Hulusi Deniz O\u011fuz\u2019a teslim etti. \u00d6zel Denizli&#8230;<\/p>\n","protected":false},"author":1,"featured_media":30799,"comment_status":"open","ping_status":"open","sticky":false,"template":"","format":"standard","meta":{"_crdt_document":"","footnotes":""},"categories":[2],"tags":[],"class_list":["post-30798","post","type-post","status-publish","format-standard","has-post-thumbnail","hentry","category-saglik"],"_links":{"self":[{"href":"https:\/\/www.egemtv.com\/index.php?rest_route=\/wp\/v2\/posts\/30798","targetHints":{"allow":["GET"]}}],"collection":[{"href":"https:\/\/www.egemtv.com\/index.php?rest_route=\/wp\/v2\/posts"}],"about":[{"href":"https:\/\/www.egemtv.com\/index.php?rest_route=\/wp\/v2\/types\/post"}],"author":[{"embeddable":true,"href":"https:\/\/www.egemtv.com\/index.php?rest_route=\/wp\/v2\/users\/1"}],"replies":[{"embeddable":true,"href":"https:\/\/www.egemtv.com\/index.php?rest_route=%2Fwp%2Fv2%2Fcomments&post=30798"}],"version-history":[{"count":1,"href":"https:\/\/www.egemtv.com\/index.php?rest_route=\/wp\/v2\/posts\/30798\/revisions"}],"predecessor-version":[{"id":30800,"href":"https:\/\/www.egemtv.com\/index.php?rest_route=\/wp\/v2\/posts\/30798\/revisions\/30800"}],"wp:featuredmedia":[{"embeddable":true,"href":"https:\/\/www.egemtv.com\/index.php?rest_route=\/wp\/v2\/media\/30799"}],"wp:attachment":[{"href":"https:\/\/www.egemtv.com\/index.php?rest_route=%2Fwp%2Fv2%2Fmedia&parent=30798"}],"wp:term":[{"taxonomy":"category","embeddable":true,"href":"https:\/\/www.egemtv.com\/index.php?rest_route=%2Fwp%2Fv2%2Fcategories&post=30798"},{"taxonomy":"post_tag","embeddable":true,"href":"https:\/\/www.egemtv.com\/index.php?rest_route=%2Fwp%2Fv2%2Ftags&post=30798"}],"curies":[{"name":"wp","href":"https:\/\/api.w.org\/{rel}","templated":true}]}}