{"id":30792,"date":"2025-05-23T09:15:34","date_gmt":"2025-05-23T06:15:34","guid":{"rendered":"https:\/\/www.egemtv.com\/?p=30792"},"modified":"2025-05-23T09:15:39","modified_gmt":"2025-05-23T06:15:39","slug":"jandarmanin-teknolojisi-ogrencilere-anlatildi","status":"publish","type":"post","link":"https:\/\/www.egemtv.com\/?p=30792","title":{"rendered":"Jandarman\u0131n teknolojisi \u00f6\u011frencilere anlat\u0131ld\u0131"},"content":{"rendered":"<p>Ayd\u0131n\u2019\u0131n S\u00f6ke il\u00e7esinde tan\u0131t\u0131m g\u00fcnleri kapsam\u0131nda \u00f6\u011frencilerle bir araya gelen jandarma ekipleri, te\u015fkilat\u0131n kulland\u0131\u011f\u0131 teknolojileri tan\u0131tt\u0131.<br \/>\n<br \/>Ayd\u0131n \u0130l Jandarma Komutanl\u0131\u011f\u0131nca S\u00f6ke Anadolu Lisesi\u2019nde e\u011fitim g\u00f6ren \u00f6\u011frencilere Jandarma Genel Komutanl\u0131\u011f\u0131 ile Jandarma ve Sahil G\u00fcvenlik Akademisi Ba\u015fkanl\u0131\u011f\u0131 Tan\u0131t\u0131m Faaliyeti ger\u00e7ekle\u015ftirildi. Faaliyete kat\u0131lan \u00f6\u011frencilere jandarma te\u015fkilat\u0131n\u0131n kullan\u0131lan teknolojik cihazlar ile imkan ve kabiliyetleri hakk\u0131nda bilgilendirme yap\u0131l\u0131rken, tan\u0131t\u0131m bro\u015f\u00fcrleri da\u011f\u0131t\u0131ld\u0131.<br \/><\/p>\n","protected":false},"excerpt":{"rendered":"<p>Ayd\u0131n\u2019\u0131n S\u00f6ke il\u00e7esinde tan\u0131t\u0131m g\u00fcnleri kapsam\u0131nda \u00f6\u011frencilerle bir araya gelen jandarma ekipleri, te\u015fkilat\u0131n kulland\u0131\u011f\u0131 teknolojileri tan\u0131tt\u0131. Ayd\u0131n \u0130l Jandarma Komutanl\u0131\u011f\u0131nca S\u00f6ke Anadolu Lisesi\u2019nde e\u011fitim g\u00f6ren \u00f6\u011frencilere Jandarma Genel Komutanl\u0131\u011f\u0131 ile Jandarma ve Sahil G\u00fcvenlik Akademisi Ba\u015fkanl\u0131\u011f\u0131 Tan\u0131t\u0131m Faaliyeti ger\u00e7ekle\u015ftirildi. Faaliyete kat\u0131lan \u00f6\u011frencilere jandarma te\u015fkilat\u0131n\u0131n kullan\u0131lan teknolojik cihazlar ile imkan ve kabiliyetleri hakk\u0131nda bilgilendirme yap\u0131l\u0131rken, tan\u0131t\u0131m&#8230;<\/p>\n","protected":false},"author":1,"featured_media":30793,"comment_status":"open","ping_status":"open","sticky":false,"template":"","format":"standard","meta":{"_crdt_document":"","footnotes":""},"categories":[1],"tags":[],"class_list":["post-30792","post","type-post","status-publish","format-standard","has-post-thumbnail","hentry","category-guncel"],"_links":{"self":[{"href":"https:\/\/www.egemtv.com\/index.php?rest_route=\/wp\/v2\/posts\/30792","targetHints":{"allow":["GET"]}}],"collection":[{"href":"https:\/\/www.egemtv.com\/index.php?rest_route=\/wp\/v2\/posts"}],"about":[{"href":"https:\/\/www.egemtv.com\/index.php?rest_route=\/wp\/v2\/types\/post"}],"author":[{"embeddable":true,"href":"https:\/\/www.egemtv.com\/index.php?rest_route=\/wp\/v2\/users\/1"}],"replies":[{"embeddable":true,"href":"https:\/\/www.egemtv.com\/index.php?rest_route=%2Fwp%2Fv2%2Fcomments&post=30792"}],"version-history":[{"count":1,"href":"https:\/\/www.egemtv.com\/index.php?rest_route=\/wp\/v2\/posts\/30792\/revisions"}],"predecessor-version":[{"id":30794,"href":"https:\/\/www.egemtv.com\/index.php?rest_route=\/wp\/v2\/posts\/30792\/revisions\/30794"}],"wp:featuredmedia":[{"embeddable":true,"href":"https:\/\/www.egemtv.com\/index.php?rest_route=\/wp\/v2\/media\/30793"}],"wp:attachment":[{"href":"https:\/\/www.egemtv.com\/index.php?rest_route=%2Fwp%2Fv2%2Fmedia&parent=30792"}],"wp:term":[{"taxonomy":"category","embeddable":true,"href":"https:\/\/www.egemtv.com\/index.php?rest_route=%2Fwp%2Fv2%2Fcategories&post=30792"},{"taxonomy":"post_tag","embeddable":true,"href":"https:\/\/www.egemtv.com\/index.php?rest_route=%2Fwp%2Fv2%2Ftags&post=30792"}],"curies":[{"name":"wp","href":"https:\/\/api.w.org\/{rel}","templated":true}]}}