{"id":30789,"date":"2025-05-22T23:56:13","date_gmt":"2025-05-22T20:56:13","guid":{"rendered":"https:\/\/www.egemtv.com\/?p=30789"},"modified":"2025-05-22T23:56:18","modified_gmt":"2025-05-22T20:56:18","slug":"kirmizi-isik-ihlali-kazaya-neden-oldu-son-surat-carpti","status":"publish","type":"post","link":"https:\/\/www.egemtv.com\/?p=30789","title":{"rendered":"K\u0131rm\u0131z\u0131 \u0131\u015f\u0131k ihlali kazaya neden oldu: Son s\u00fcrat \u00e7arpt\u0131"},"content":{"rendered":"<p>Ayd\u0131n\u2019\u0131n Ku\u015fadas\u0131 il\u00e7esinde k\u0131rm\u0131z\u0131 \u0131\u015f\u0131k ihlali yapan motosiklet bir ba\u015fka motosiklete \u00e7arpt\u0131. Kaza an\u0131 g\u00fcvenlik kameras\u0131na yans\u0131d\u0131.<br \/>\n<br \/>Kaza, saat 22.00 s\u0131ralar\u0131nda S\u00fcleyman Demirel Bulvar\u0131\u2019nda meydana geldi. Edinilen bilgiye g\u00f6re, k\u0131rm\u0131z\u0131 \u0131\u015f\u0131kta ge\u00e7ti\u011fi iddia edilen Emre K. y\u00f6netimindeki motosiklet, kav\u015fakta \u00e7\u0131k\u0131\u015f yapan Yi\u011fit G.\u2019nin kulland\u0131\u011f\u0131 motosiklete \u00e7arpt\u0131. \u00c7arp\u0131\u015fman\u0131n \u015fiddetiyle metrelerce s\u00fcr\u00fcklenen Emre K., kulland\u0131\u011f\u0131 kask ve koruyucu giysiler sayesinde ciddi bir yara almadan kurtuldu. Kazay\u0131 g\u00f6ren vatanda\u015flar\u0131n ihbar\u0131 \u00fczerine olay yerine polis ve sa\u011fl\u0131k ekipleri sevk edildi. \u0130lk m\u00fcdahalesi olay yerinde yap\u0131lan Emre K., tedbir ama\u00e7l\u0131 hastaneye kald\u0131r\u0131ld\u0131.<br \/>\n<br \/>Kazaya kar\u0131\u015fan di\u011fer motosikletin s\u00fcr\u00fcc\u00fcs\u00fc Yi\u011fit G.\u2019nin ise ehliyetsiz oldu\u011fu ortaya \u00e7\u0131kt\u0131. Trafik ekipleri, Karayollar\u0131 Trafik Kanunu\u2019nun 36. maddesi gere\u011fince Yi\u011fit G.\u2019ye 18 bin 706 TL idari para cezas\u0131 uygulad\u0131. Her iki motosiklet de \u00e7ekici yard\u0131m\u0131yla otoparka kald\u0131r\u0131ld\u0131.<br \/>\n<br \/>Motosiklet kazas\u0131 \u00e7evredeki g\u00fcvenlik kameras\u0131na yans\u0131rken, g\u00f6r\u00fcnt\u00fclerde k\u0131rm\u0131z\u0131 \u0131\u015f\u0131kta ge\u00e7en motosikletin s\u00fcratli bir \u015fekilde di\u011fer motosiklete \u00e7arpmas\u0131 yer ald\u0131.<br \/><\/p>\n","protected":false},"excerpt":{"rendered":"<p>Ayd\u0131n\u2019\u0131n Ku\u015fadas\u0131 il\u00e7esinde k\u0131rm\u0131z\u0131 \u0131\u015f\u0131k ihlali yapan motosiklet bir ba\u015fka motosiklete \u00e7arpt\u0131. Kaza an\u0131 g\u00fcvenlik kameras\u0131na yans\u0131d\u0131. Kaza, saat 22.00 s\u0131ralar\u0131nda S\u00fcleyman Demirel Bulvar\u0131\u2019nda meydana geldi. Edinilen bilgiye g\u00f6re, k\u0131rm\u0131z\u0131 \u0131\u015f\u0131kta ge\u00e7ti\u011fi iddia edilen Emre K. y\u00f6netimindeki motosiklet, kav\u015fakta \u00e7\u0131k\u0131\u015f yapan Yi\u011fit G.\u2019nin kulland\u0131\u011f\u0131 motosiklete \u00e7arpt\u0131. \u00c7arp\u0131\u015fman\u0131n \u015fiddetiyle metrelerce s\u00fcr\u00fcklenen Emre K., kulland\u0131\u011f\u0131 kask ve&#8230;<\/p>\n","protected":false},"author":1,"featured_media":30790,"comment_status":"open","ping_status":"open","sticky":false,"template":"","format":"standard","meta":{"_crdt_document":"","footnotes":""},"categories":[5],"tags":[],"class_list":["post-30789","post","type-post","status-publish","format-standard","has-post-thumbnail","hentry","category-asayis"],"_links":{"self":[{"href":"https:\/\/www.egemtv.com\/index.php?rest_route=\/wp\/v2\/posts\/30789","targetHints":{"allow":["GET"]}}],"collection":[{"href":"https:\/\/www.egemtv.com\/index.php?rest_route=\/wp\/v2\/posts"}],"about":[{"href":"https:\/\/www.egemtv.com\/index.php?rest_route=\/wp\/v2\/types\/post"}],"author":[{"embeddable":true,"href":"https:\/\/www.egemtv.com\/index.php?rest_route=\/wp\/v2\/users\/1"}],"replies":[{"embeddable":true,"href":"https:\/\/www.egemtv.com\/index.php?rest_route=%2Fwp%2Fv2%2Fcomments&post=30789"}],"version-history":[{"count":1,"href":"https:\/\/www.egemtv.com\/index.php?rest_route=\/wp\/v2\/posts\/30789\/revisions"}],"predecessor-version":[{"id":30791,"href":"https:\/\/www.egemtv.com\/index.php?rest_route=\/wp\/v2\/posts\/30789\/revisions\/30791"}],"wp:featuredmedia":[{"embeddable":true,"href":"https:\/\/www.egemtv.com\/index.php?rest_route=\/wp\/v2\/media\/30790"}],"wp:attachment":[{"href":"https:\/\/www.egemtv.com\/index.php?rest_route=%2Fwp%2Fv2%2Fmedia&parent=30789"}],"wp:term":[{"taxonomy":"category","embeddable":true,"href":"https:\/\/www.egemtv.com\/index.php?rest_route=%2Fwp%2Fv2%2Fcategories&post=30789"},{"taxonomy":"post_tag","embeddable":true,"href":"https:\/\/www.egemtv.com\/index.php?rest_route=%2Fwp%2Fv2%2Ftags&post=30789"}],"curies":[{"name":"wp","href":"https:\/\/api.w.org\/{rel}","templated":true}]}}