{"id":30780,"date":"2025-05-22T22:55:08","date_gmt":"2025-05-22T19:55:08","guid":{"rendered":"https:\/\/www.egemtv.com\/?p=30780"},"modified":"2025-05-22T22:55:11","modified_gmt":"2025-05-22T19:55:11","slug":"kutahyada-kirim-tatar-surgunu-paneli","status":"publish","type":"post","link":"https:\/\/www.egemtv.com\/?p=30780","title":{"rendered":"K\u00fctahya\u2019da \u2019K\u0131r\u0131m Tatar S\u00fcrg\u00fcn\u00fc\u2019 paneli"},"content":{"rendered":"<p>K\u00fctahya Dumlup\u0131nar \u00dcniversitesi, 18 May\u0131s 1944 K\u0131r\u0131m Tatar S\u00fcrg\u00fcn\u00fc\u2019n\u00fcn y\u0131ld\u00f6n\u00fcm\u00fcnde anlaml\u0131 bir panele ev sahipli\u011fi yapt\u0131. Moderat\u00f6rl\u00fc\u011f\u00fcn\u00fc Dr. \u00d6\u011fretim \u00fcyesi \u00d6zcan Erdo\u011fan\u2019\u0131n \u00fcstlendi\u011fi etkinlikte, Prof. Dr. S\u0131rr\u0131 Hakan K\u0131r\u0131ml\u0131 ve Prof. Dr. Z\u00fchal Y\u00fcksel konu\u015fmac\u0131 olarak yer ald\u0131.<br \/>\n<br \/>Rekt\u00f6rl\u00fck K\u0131rm\u0131z\u0131 Salon\u2019da ger\u00e7ekle\u015ftirilen panele, DP\u00dc Rekt\u00f6r\u00fc Prof. Dr. S\u00fcleyman K\u0131z\u0131ltoprak\u2019\u0131n yan\u0131 s\u0131ra akademik ve idari personel ile \u00e7ok say\u0131da \u00f6\u011frenci kat\u0131ld\u0131. Panelin a\u00e7\u0131l\u0131\u015f\u0131nda konu\u015fan Rekt\u00f6r K\u0131z\u0131ltoprak, K\u0131r\u0131m Tatar s\u00fcrg\u00fcn\u00fcn\u00fcn sadece bir toplulu\u011fun de\u011fil, insanl\u0131k tarihinin b\u00fcy\u00fck bir yaras\u0131 oldu\u011funu belirterek, bir medeniyetin ve halk\u0131n ya\u015famas\u0131 i\u00e7in insanl\u0131\u011f\u0131n \u00f6nemine dikkat \u00e7ekti.<br \/>\n<br \/>Panelde Prof. Dr. S\u0131rr\u0131 Hakan K\u0131r\u0131ml\u0131, 18 May\u0131s 1944\u2019te ger\u00e7ekle\u015fen K\u0131r\u0131m Tatar s\u00fcrg\u00fcn\u00fcn\u00fc tarihi bak\u0131m\u0131ndan de\u011ferlendirdi. Prof. Dr. Z\u00fchal Y\u00fcksel ise s\u00fcrg\u00fcn\u00fcn sosyo-k\u00fclt\u00fcrel etkileri \u00fczerine bir sunum ger\u00e7ekle\u015ftirdi. Konu\u015fmalarda, K\u0131r\u0131m Tatar halk\u0131n\u0131n ya\u015fad\u0131\u011f\u0131 insanl\u0131k dram\u0131 akademik bir perspektifle ele al\u0131nd\u0131 ve s\u00fcrg\u00fcn\u00fcn g\u00fcn\u00fcm\u00fczde dahi etkilerini s\u00fcrd\u00fcrd\u00fc\u011f\u00fc vurguland\u0131.<br \/>\n<br \/>Etkinli\u011fin sonunda kat\u0131l\u0131mc\u0131lar\u0131n sorular\u0131 yan\u0131tland\u0131 ve konu\u015fmac\u0131lara te\u015fekk\u00fcr belgeleri takdim edildi.<br \/><\/p>\n","protected":false},"excerpt":{"rendered":"<p>K\u00fctahya Dumlup\u0131nar \u00dcniversitesi, 18 May\u0131s 1944 K\u0131r\u0131m Tatar S\u00fcrg\u00fcn\u00fc\u2019n\u00fcn y\u0131ld\u00f6n\u00fcm\u00fcnde anlaml\u0131 bir panele ev sahipli\u011fi yapt\u0131. Moderat\u00f6rl\u00fc\u011f\u00fcn\u00fc Dr. \u00d6\u011fretim \u00fcyesi \u00d6zcan Erdo\u011fan\u2019\u0131n \u00fcstlendi\u011fi etkinlikte, Prof. Dr. S\u0131rr\u0131 Hakan K\u0131r\u0131ml\u0131 ve Prof. Dr. Z\u00fchal Y\u00fcksel konu\u015fmac\u0131 olarak yer ald\u0131. Rekt\u00f6rl\u00fck K\u0131rm\u0131z\u0131 Salon\u2019da ger\u00e7ekle\u015ftirilen panele, DP\u00dc Rekt\u00f6r\u00fc Prof. Dr. S\u00fcleyman K\u0131z\u0131ltoprak\u2019\u0131n yan\u0131 s\u0131ra akademik ve idari personel&#8230;<\/p>\n","protected":false},"author":1,"featured_media":30781,"comment_status":"open","ping_status":"open","sticky":false,"template":"","format":"standard","meta":{"_crdt_document":"","footnotes":""},"categories":[123],"tags":[],"class_list":["post-30780","post","type-post","status-publish","format-standard","has-post-thumbnail","hentry","category-gundem"],"_links":{"self":[{"href":"https:\/\/www.egemtv.com\/index.php?rest_route=\/wp\/v2\/posts\/30780","targetHints":{"allow":["GET"]}}],"collection":[{"href":"https:\/\/www.egemtv.com\/index.php?rest_route=\/wp\/v2\/posts"}],"about":[{"href":"https:\/\/www.egemtv.com\/index.php?rest_route=\/wp\/v2\/types\/post"}],"author":[{"embeddable":true,"href":"https:\/\/www.egemtv.com\/index.php?rest_route=\/wp\/v2\/users\/1"}],"replies":[{"embeddable":true,"href":"https:\/\/www.egemtv.com\/index.php?rest_route=%2Fwp%2Fv2%2Fcomments&post=30780"}],"version-history":[{"count":1,"href":"https:\/\/www.egemtv.com\/index.php?rest_route=\/wp\/v2\/posts\/30780\/revisions"}],"predecessor-version":[{"id":30782,"href":"https:\/\/www.egemtv.com\/index.php?rest_route=\/wp\/v2\/posts\/30780\/revisions\/30782"}],"wp:featuredmedia":[{"embeddable":true,"href":"https:\/\/www.egemtv.com\/index.php?rest_route=\/wp\/v2\/media\/30781"}],"wp:attachment":[{"href":"https:\/\/www.egemtv.com\/index.php?rest_route=%2Fwp%2Fv2%2Fmedia&parent=30780"}],"wp:term":[{"taxonomy":"category","embeddable":true,"href":"https:\/\/www.egemtv.com\/index.php?rest_route=%2Fwp%2Fv2%2Fcategories&post=30780"},{"taxonomy":"post_tag","embeddable":true,"href":"https:\/\/www.egemtv.com\/index.php?rest_route=%2Fwp%2Fv2%2Ftags&post=30780"}],"curies":[{"name":"wp","href":"https:\/\/api.w.org\/{rel}","templated":true}]}}