{"id":30777,"date":"2025-05-22T22:16:28","date_gmt":"2025-05-22T19:16:28","guid":{"rendered":"https:\/\/www.egemtv.com\/?p=30777"},"modified":"2025-05-22T22:16:32","modified_gmt":"2025-05-22T19:16:32","slug":"ataturkun-ismini-hatirlayamadigi-icin-linc-edilen-genc-kadin-konustu","status":"publish","type":"post","link":"https:\/\/www.egemtv.com\/?p=30777","title":{"rendered":"Atat\u00fcrk\u2019\u00fcn ismini hat\u0131rlayamad\u0131\u011f\u0131 i\u00e7in lin\u00e7 edilen gen\u00e7 kad\u0131n konu\u015ftu"},"content":{"rendered":"<p>\u00d6zel bir televizyon kanal\u0131nda yay\u0131nlanan Kim Milyoner Olmak \u0130ster adl\u0131 yar\u0131\u015fma program\u0131na kat\u0131lan ve elenmesine neden olan 5. soruda hat\u0131rlayamad\u0131\u011f\u0131 Atat\u00fcrk\u2019\u00fcn ikinci ismiyle g\u00fcndeme oturan gen\u00e7 kad\u0131n, &#8220;Programdan sonra lin\u00e7 edildim. Kimse Atat\u00fcrk\u2019e olan sevgimi ve sayg\u0131m\u0131 sorgulayamaz&#8221; dedi.<br \/>\n<br \/>\u00d6zel bir televizyon program\u0131nda yay\u0131nlanan Kim Milyoner Olmak \u0130ster adl\u0131 yar\u0131\u015fma program\u0131na Denizli\u2019den kat\u0131lan 24 ya\u015f\u0131ndaki kad\u0131n giri\u015fimci Kamile Ba\u011fc\u0131, yar\u0131\u015fmac\u0131n\u0131n 5. soruya geldi\u011finde, ya\u015fad\u0131\u011f\u0131 heyecanla birlikte do\u011fru cevab\u0131 hat\u0131rlayamamas\u0131 \u00fczerine verdi\u011fi yanl\u0131\u015f cevapla bir anda T\u00fcrkiye g\u00fcndemine oturdu.<br \/>\n<br \/>Kendisine y\u00f6neltilen &#8220;Mustafa Kemal Atat\u00fcrk\u2019e \u2018Kemal\u2019 ad\u0131n\u0131 veren, Atat\u00fcrk\u2019\u00fcn matematik \u00f6\u011fretmeninin ad\u0131 hangisidir?&#8221; sorusunda Kemal ve Mustafa \u015f\u0131klar\u0131 aras\u0131nda kalan yar\u0131\u015fmac\u0131 &#8220;Mustafa ve Kemal \u015f\u0131klar\u0131 aras\u0131nda kald\u0131m ama emin de olam\u0131yorum. Jokerlerimi de kullanmak istemiyorum&#8221; diyerek Kemal cevab\u0131n\u0131 verdi. Cevab\u0131n \u00fczerine program sunucusu Oktay Kaynarca\u2019n\u0131n &#8220;\u0130kimizin de ad\u0131 Mustafa, seninki Mustafa Kemal olsun&#8221; dedikten sonra, yanl\u0131\u015f cevap verdi\u011fini anlayan Denizlili yar\u0131\u015fmac\u0131 Ba\u011fc\u0131, elendi\u011fi ve en \u00e7ok da heyecandan dolay\u0131 Atat\u00fcrk\u2019\u00fcn ad\u0131n\u0131 hat\u0131rlayamad\u0131\u011f\u0131 i\u00e7in b\u00fcy\u00fck \u00fcz\u00fcnt\u00fc ya\u015fad\u0131. Yar\u0131\u015fmadan sonra ele\u015ftiriye maruz kalaca\u011f\u0131na tahmin eden Ba\u011fc\u0131, lin\u00e7 ve hakaret boyutuna ula\u015fan binlerce mesaj ve yorumun ard\u0131ndan zor g\u00fcnler ge\u00e7irmeye ba\u015flad\u0131.<\/p>\n<p>&#8220;Bir gecede hi\u00e7 tan\u0131mad\u0131\u011f\u0131m binlerce insan taraf\u0131ndan bir\u00e7o\u011fu hakaret olmak \u00fczere lin\u00e7lendim&#8221;<br \/>\n<br \/>Yar\u0131\u015fmadan sonra ele\u015ftiriye maruz kalaca\u011f\u0131n\u0131 ama bir gecede binlerce tan\u0131mad\u0131\u011f\u0131 insan taraf\u0131ndan lin\u00e7lere maruz kald\u0131\u011f\u0131 ve bir\u00e7o\u011funun hakaret boyutunda olmas\u0131ndan dolay\u0131 \u00fcz\u00fcld\u00fc\u011f\u00fcn\u00fc belirten Kamile Ba\u011fc\u0131, &#8220;Yar\u0131\u015fmadan sonra bir ele\u015ftiriye maruz kalaca\u011f\u0131m\u0131 tahmin ediyordum fakat hakaret boyutunda olabilece\u011fini hi\u00e7 d\u00fc\u015f\u00fcnmezdim, bir gecede hi\u00e7 tan\u0131mad\u0131\u011f\u0131m binlerce insan\u0131n lin\u00e7lerine maruz kald\u0131m ve bunlar \u0131srarc\u0131 boyuttayd\u0131 mesaj kutuma den ma\u011fazam\u0131n Whatsapp hatt\u0131ndan binlerce mesaj geldi. Ele\u015ftirilere a\u00e7\u0131k bir insan\u0131m ancak bir\u00e7o\u011fu hakaret boyutunda olmas\u0131 \u00e7ok \u00fcz\u00fcc\u00fc&#8221; dedi.<\/p>\n<p>&#8220;Verdi\u011fim yanl\u0131\u015f cevap Atat\u00fcrk\u2019e olan sevgimi ve sayg\u0131m\u0131 sorgulatamaz&#8221;<br \/>\n<br \/>Programda heyecanland\u0131\u011f\u0131n\u0131 ve o anki heyecan ile bilinen bir \u00e7ok \u015feyin unutuldu\u011funu ifade eden Ba\u011fc\u0131, &#8220;Televizyon program\u0131nda yar\u0131\u015fmak ger\u00e7ekten b\u00fcy\u00fck bir heyecan. O an bildi\u011fim bir \u015feyi heyecandan hat\u0131rlayamad\u0131m tahmin edersiniz ki s\u00fcrekli tecr\u00fcbe etti\u011fimiz bir \u015fey de\u011fil. Yanl\u0131\u015f cevap verdi\u011fim soru Mustafa Kemal Atat\u00fcrk ile ilgili bir soruydu. Daha \u00f6nce b\u00f6yle bir yar\u0131\u015fma heyecan\u0131 ya\u015famad\u0131m. \u0130nsanlar oradaki \u015fartlarda bildikleri \u00e7ok \u015feyi unutuyor. Yar\u0131\u015fma heyecan\u0131 ve atmosferi nedeniyle milli de\u011ferimiz ile ilgili bir soruda b\u00f6yle cevap verdi\u011fim i\u00e7in \u00fczg\u00fcn\u00fcm. Ama burada verdi\u011fim yanl\u0131\u015f cevap Atat\u00fcrk\u2019e olan sevgimi ve sayg\u0131m\u0131 sorgulatamaz. Ele\u015ftiriler i\u00e7in te\u015fekk\u00fcr ederim ama bu t\u00fcr durumlarda biraz empati yapman\u0131n da \u00f6nemli oldu\u011funu d\u00fc\u015f\u00fcn\u00fcyorum&#8221; diye konu\u015ftu.<br \/><\/p>\n","protected":false},"excerpt":{"rendered":"<p>\u00d6zel bir televizyon kanal\u0131nda yay\u0131nlanan Kim Milyoner Olmak \u0130ster adl\u0131 yar\u0131\u015fma program\u0131na kat\u0131lan ve elenmesine neden olan 5. soruda hat\u0131rlayamad\u0131\u011f\u0131 Atat\u00fcrk\u2019\u00fcn ikinci ismiyle g\u00fcndeme oturan gen\u00e7 kad\u0131n, &#8220;Programdan sonra lin\u00e7 edildim. Kimse Atat\u00fcrk\u2019e olan sevgimi ve sayg\u0131m\u0131 sorgulayamaz&#8221; dedi. \u00d6zel bir televizyon program\u0131nda yay\u0131nlanan Kim Milyoner Olmak \u0130ster adl\u0131 yar\u0131\u015fma program\u0131na Denizli\u2019den kat\u0131lan 24 ya\u015f\u0131ndaki&#8230;<\/p>\n","protected":false},"author":1,"featured_media":30778,"comment_status":"open","ping_status":"open","sticky":false,"template":"","format":"standard","meta":{"_crdt_document":"","footnotes":""},"categories":[123],"tags":[],"class_list":["post-30777","post","type-post","status-publish","format-standard","has-post-thumbnail","hentry","category-gundem"],"_links":{"self":[{"href":"https:\/\/www.egemtv.com\/index.php?rest_route=\/wp\/v2\/posts\/30777","targetHints":{"allow":["GET"]}}],"collection":[{"href":"https:\/\/www.egemtv.com\/index.php?rest_route=\/wp\/v2\/posts"}],"about":[{"href":"https:\/\/www.egemtv.com\/index.php?rest_route=\/wp\/v2\/types\/post"}],"author":[{"embeddable":true,"href":"https:\/\/www.egemtv.com\/index.php?rest_route=\/wp\/v2\/users\/1"}],"replies":[{"embeddable":true,"href":"https:\/\/www.egemtv.com\/index.php?rest_route=%2Fwp%2Fv2%2Fcomments&post=30777"}],"version-history":[{"count":1,"href":"https:\/\/www.egemtv.com\/index.php?rest_route=\/wp\/v2\/posts\/30777\/revisions"}],"predecessor-version":[{"id":30779,"href":"https:\/\/www.egemtv.com\/index.php?rest_route=\/wp\/v2\/posts\/30777\/revisions\/30779"}],"wp:featuredmedia":[{"embeddable":true,"href":"https:\/\/www.egemtv.com\/index.php?rest_route=\/wp\/v2\/media\/30778"}],"wp:attachment":[{"href":"https:\/\/www.egemtv.com\/index.php?rest_route=%2Fwp%2Fv2%2Fmedia&parent=30777"}],"wp:term":[{"taxonomy":"category","embeddable":true,"href":"https:\/\/www.egemtv.com\/index.php?rest_route=%2Fwp%2Fv2%2Fcategories&post=30777"},{"taxonomy":"post_tag","embeddable":true,"href":"https:\/\/www.egemtv.com\/index.php?rest_route=%2Fwp%2Fv2%2Ftags&post=30777"}],"curies":[{"name":"wp","href":"https:\/\/api.w.org\/{rel}","templated":true}]}}