{"id":30636,"date":"2025-05-22T11:37:33","date_gmt":"2025-05-22T08:37:33","guid":{"rendered":"https:\/\/www.egemtv.com\/?p=30636"},"modified":"2025-05-22T11:37:39","modified_gmt":"2025-05-22T08:37:39","slug":"mahallemde-mac-varin-sampiyonu-fatih-oldu","status":"publish","type":"post","link":"https:\/\/www.egemtv.com\/?p=30636","title":{"rendered":"Mahallemde Ma\u00e7 Var\u2019\u0131n \u015fampiyonu Fatih oldu"},"content":{"rendered":"<p>Denizli Emniyet M\u00fcd\u00fcrl\u00fc\u011f\u00fc taraf\u0131ndan \u00e7ocuklar\u0131n k\u00f6t\u00fc al\u0131\u015fkanl\u0131klardan uzakla\u015fmas\u0131 ve yeni arkada\u015fl\u0131klar edinmesi amac\u0131yla d\u00fczenlenen Mahallemde Ma\u00e7 Var Turnuvas\u0131\u2019n\u0131n 2. sezon \u015fampiyonu Fatih Mahallesi tak\u0131m\u0131 oldu.<br \/>\n<br \/>Denizli Emniyet M\u00fcd\u00fcrl\u00fc\u011f\u00fc taraf\u0131ndan hayata ge\u00e7irilen ve kentteki t\u00fcm kamu kurum ve kurulu\u015flar\u0131 ile i\u015f insanlar\u0131n\u0131n destek verdi\u011fi Mahallemde Ma\u00e7 Var projesi bu y\u0131lda ba\u015far\u0131yla sonland\u0131. 2. sezonu d\u00fczenlenen turnuvada bu sezon 8 gruptan 51 tak\u0131m sahada ter d\u00f6kt\u00fc. Mahalle muhtarlar\u0131n\u0131n kul\u00fcp ba\u015fkan\u0131, Emniyet M\u00fcd\u00fcrl\u00fc\u011f\u00fc kadrosunda g\u00f6revli komiserlerin ve atanan antren\u00f6rlerin teknik direkt\u00f6rl\u00fck yapt\u0131\u011f\u0131 tak\u0131mlar kentte 10 farkl\u0131 sahada k\u0131yas\u0131ya m\u00fccadele etti. Turnuvan\u0131n final m\u00fcsabakas\u0131 ise geni\u015f protokol kat\u0131l\u0131m\u0131yla Do\u011fan Seyfi Atl\u0131 Stad\u0131nda oynand\u0131. FIFA kokartl\u0131 hakem \u00dcmit \u00d6zt\u00fcrk\u2019\u00fcn y\u00f6netti\u011fi m\u00fcsabakan\u0131n seremonisinde ise \u00f6zel \u00e7ocuklar\u0131n yer almas\u0131 dikkatlerden ka\u00e7mad\u0131. \u015eemikler mahalle tak\u0131m\u0131n\u0131 3-2 ma\u011flup eden Fatih mahalle tak\u0131m\u0131 \u015fampiyonluk kupas\u0131n\u0131 kald\u0131ran taraf oldu. Turnuvay\u0131 ikincilik ile tamamlaman\u0131n h\u00fczn\u00fcn\u00fc ya\u015fayan \u015eemikler tak\u0131m\u0131n\u0131 Emniyet M\u00fcd\u00fcr\u00fc Yavuz Sa\u011fd\u0131\u00e7 teselli etti. \u015eampiyon Fatih tak\u0131m\u0131na kupalar\u0131n\u0131 ise Denizli Valisi \u00d6mer Faruk Co\u015fkun verdi.<br \/>\n<br \/>Final t\u00f6renine Denizli Valisi \u00d6mer Faruk Co\u015fkun, 11. Piyade Tugay Komutanl\u0131\u011f\u0131 Komutan Vekili Albay Ertan Dabi, Denizli Emniyet M\u00fcd\u00fcr\u00fc Yavuz Sa\u011fd\u0131\u00e7, \u0130l Jandarma Komutan\u0131 Albay H\u0131d\u0131r Ay\u00e7i\u00e7ek, teknik direkt\u00f6r Mesut Bakkal, il protokol\u00fc, destek veren kurum ve STK temsilcileri ve vatanda\u015flar kat\u0131ld\u0131.<br \/><\/p>\n","protected":false},"excerpt":{"rendered":"<p>Denizli Emniyet M\u00fcd\u00fcrl\u00fc\u011f\u00fc taraf\u0131ndan \u00e7ocuklar\u0131n k\u00f6t\u00fc al\u0131\u015fkanl\u0131klardan uzakla\u015fmas\u0131 ve yeni arkada\u015fl\u0131klar edinmesi amac\u0131yla d\u00fczenlenen Mahallemde Ma\u00e7 Var Turnuvas\u0131\u2019n\u0131n 2. sezon \u015fampiyonu Fatih Mahallesi tak\u0131m\u0131 oldu. Denizli Emniyet M\u00fcd\u00fcrl\u00fc\u011f\u00fc taraf\u0131ndan hayata ge\u00e7irilen ve kentteki t\u00fcm kamu kurum ve kurulu\u015flar\u0131 ile i\u015f insanlar\u0131n\u0131n destek verdi\u011fi Mahallemde Ma\u00e7 Var projesi bu y\u0131lda ba\u015far\u0131yla sonland\u0131. 2. sezonu d\u00fczenlenen turnuvada&#8230;<\/p>\n","protected":false},"author":1,"featured_media":30637,"comment_status":"open","ping_status":"open","sticky":false,"template":"","format":"standard","meta":{"_crdt_document":"","footnotes":""},"categories":[4],"tags":[],"class_list":["post-30636","post","type-post","status-publish","format-standard","has-post-thumbnail","hentry","category-spor"],"_links":{"self":[{"href":"https:\/\/www.egemtv.com\/index.php?rest_route=\/wp\/v2\/posts\/30636","targetHints":{"allow":["GET"]}}],"collection":[{"href":"https:\/\/www.egemtv.com\/index.php?rest_route=\/wp\/v2\/posts"}],"about":[{"href":"https:\/\/www.egemtv.com\/index.php?rest_route=\/wp\/v2\/types\/post"}],"author":[{"embeddable":true,"href":"https:\/\/www.egemtv.com\/index.php?rest_route=\/wp\/v2\/users\/1"}],"replies":[{"embeddable":true,"href":"https:\/\/www.egemtv.com\/index.php?rest_route=%2Fwp%2Fv2%2Fcomments&post=30636"}],"version-history":[{"count":1,"href":"https:\/\/www.egemtv.com\/index.php?rest_route=\/wp\/v2\/posts\/30636\/revisions"}],"predecessor-version":[{"id":30638,"href":"https:\/\/www.egemtv.com\/index.php?rest_route=\/wp\/v2\/posts\/30636\/revisions\/30638"}],"wp:featuredmedia":[{"embeddable":true,"href":"https:\/\/www.egemtv.com\/index.php?rest_route=\/wp\/v2\/media\/30637"}],"wp:attachment":[{"href":"https:\/\/www.egemtv.com\/index.php?rest_route=%2Fwp%2Fv2%2Fmedia&parent=30636"}],"wp:term":[{"taxonomy":"category","embeddable":true,"href":"https:\/\/www.egemtv.com\/index.php?rest_route=%2Fwp%2Fv2%2Fcategories&post=30636"},{"taxonomy":"post_tag","embeddable":true,"href":"https:\/\/www.egemtv.com\/index.php?rest_route=%2Fwp%2Fv2%2Ftags&post=30636"}],"curies":[{"name":"wp","href":"https:\/\/api.w.org\/{rel}","templated":true}]}}