{"id":30633,"date":"2025-05-22T11:37:29","date_gmt":"2025-05-22T08:37:29","guid":{"rendered":"https:\/\/www.egemtv.com\/?p=30633"},"modified":"2025-05-22T11:37:33","modified_gmt":"2025-05-22T08:37:33","slug":"evlerinden-cephanelik-cikti","status":"publish","type":"post","link":"https:\/\/www.egemtv.com\/?p=30633","title":{"rendered":"Evlerinden cephanelik \u00e7\u0131kt\u0131"},"content":{"rendered":"<p>Manisa \u0130l Jandarma Komutanl\u0131\u011f\u0131 ekiplerince 3 il\u00e7ede ortak ger\u00e7ekle\u015ftirilen operasyonda, \u00e7ok say\u0131da ruhsats\u0131z silah ve m\u00fchimmat ele ge\u00e7irildi. Operasyon \u00e7er\u00e7evesinde g\u00f6zalt\u0131na al\u0131nan 4 \u015f\u00fcpheli adliyeye sevk edildi.<br \/>\n<br \/>Manisa \u0130l Jandarma Komutanl\u0131\u011f\u0131 \u0130stihbarat ve Ka\u00e7ak\u00e7\u0131l\u0131k Organize Su\u00e7larla M\u00fccadele (KOM) \u015eube M\u00fcd\u00fcrl\u00fckleri koordinesinde, K\u0131rka\u011fa\u00e7, Soma ve Akhisar \u0130l\u00e7e Jandarma Komutanl\u0131klar\u0131 ekiplerinin kat\u0131l\u0131m\u0131yla M.E.Y. (34), B.N. (47), A.E. (58) ve S.A.Y. (44) isimli \u015fah\u0131slara ait ev ve i\u015f yerlerine e\u015f zamanl\u0131 operasyon d\u00fczenlendi.<br \/>\n<br \/>Yap\u0131lan aramalarda, 31 adet ruhsats\u0131z tabanca, 19 adet ruhsats\u0131z av t\u00fcfe\u011fi, tabancalara ait \u00e7ok say\u0131da fi\u015fek, \u015farj\u00f6r ve \u00e7e\u015fitli tabanca par\u00e7alar\u0131, 4 adet k\u0131l\u0131\u00e7, 4 adet kama ele ge\u00e7irildi.<br \/>\n<br \/>Ele ge\u00e7irilen malzemelere el konulurken, g\u00f6zalt\u0131na al\u0131nan \u015fah\u0131slar, i\u015flemlerinin ard\u0131ndan adliyeye sevk edildi.<br \/><\/p>\n","protected":false},"excerpt":{"rendered":"<p>Manisa \u0130l Jandarma Komutanl\u0131\u011f\u0131 ekiplerince 3 il\u00e7ede ortak ger\u00e7ekle\u015ftirilen operasyonda, \u00e7ok say\u0131da ruhsats\u0131z silah ve m\u00fchimmat ele ge\u00e7irildi. Operasyon \u00e7er\u00e7evesinde g\u00f6zalt\u0131na al\u0131nan 4 \u015f\u00fcpheli adliyeye sevk edildi. Manisa \u0130l Jandarma Komutanl\u0131\u011f\u0131 \u0130stihbarat ve Ka\u00e7ak\u00e7\u0131l\u0131k Organize Su\u00e7larla M\u00fccadele (KOM) \u015eube M\u00fcd\u00fcrl\u00fckleri koordinesinde, K\u0131rka\u011fa\u00e7, Soma ve Akhisar \u0130l\u00e7e Jandarma Komutanl\u0131klar\u0131 ekiplerinin kat\u0131l\u0131m\u0131yla M.E.Y. (34), B.N. (47), A.E&#8230;.<\/p>\n","protected":false},"author":1,"featured_media":30634,"comment_status":"open","ping_status":"open","sticky":false,"template":"","format":"standard","meta":{"_crdt_document":"","footnotes":""},"categories":[5],"tags":[],"class_list":["post-30633","post","type-post","status-publish","format-standard","has-post-thumbnail","hentry","category-asayis"],"_links":{"self":[{"href":"https:\/\/www.egemtv.com\/index.php?rest_route=\/wp\/v2\/posts\/30633","targetHints":{"allow":["GET"]}}],"collection":[{"href":"https:\/\/www.egemtv.com\/index.php?rest_route=\/wp\/v2\/posts"}],"about":[{"href":"https:\/\/www.egemtv.com\/index.php?rest_route=\/wp\/v2\/types\/post"}],"author":[{"embeddable":true,"href":"https:\/\/www.egemtv.com\/index.php?rest_route=\/wp\/v2\/users\/1"}],"replies":[{"embeddable":true,"href":"https:\/\/www.egemtv.com\/index.php?rest_route=%2Fwp%2Fv2%2Fcomments&post=30633"}],"version-history":[{"count":1,"href":"https:\/\/www.egemtv.com\/index.php?rest_route=\/wp\/v2\/posts\/30633\/revisions"}],"predecessor-version":[{"id":30635,"href":"https:\/\/www.egemtv.com\/index.php?rest_route=\/wp\/v2\/posts\/30633\/revisions\/30635"}],"wp:featuredmedia":[{"embeddable":true,"href":"https:\/\/www.egemtv.com\/index.php?rest_route=\/wp\/v2\/media\/30634"}],"wp:attachment":[{"href":"https:\/\/www.egemtv.com\/index.php?rest_route=%2Fwp%2Fv2%2Fmedia&parent=30633"}],"wp:term":[{"taxonomy":"category","embeddable":true,"href":"https:\/\/www.egemtv.com\/index.php?rest_route=%2Fwp%2Fv2%2Fcategories&post=30633"},{"taxonomy":"post_tag","embeddable":true,"href":"https:\/\/www.egemtv.com\/index.php?rest_route=%2Fwp%2Fv2%2Ftags&post=30633"}],"curies":[{"name":"wp","href":"https:\/\/api.w.org\/{rel}","templated":true}]}}