{"id":30459,"date":"2025-05-21T14:57:12","date_gmt":"2025-05-21T11:57:12","guid":{"rendered":"https:\/\/www.egemtv.com\/?p=30459"},"modified":"2025-05-21T14:57:16","modified_gmt":"2025-05-21T11:57:16","slug":"chp-lideri-ozel-manisada-cenaze-torenine-katildi","status":"publish","type":"post","link":"https:\/\/www.egemtv.com\/?p=30459","title":{"rendered":"CHP lideri \u00d6zel Manisa\u2019da cenaze t\u00f6renine kat\u0131ld\u0131"},"content":{"rendered":"<p>Cumhuriyet Halk Partisi (CHP) Genel Ba\u015fkan\u0131 \u00d6zg\u00fcr \u00d6zel, memleketi Manisa\u2019da CHP Manisa \u0130l Ba\u015fkan Yard\u0131mc\u0131s\u0131 Emine Dilek \u00d6\u011fren\u2019in o\u011flu Cemre \u00d6\u011fren\u2019in cenaze t\u00f6renine kat\u0131ld\u0131.<br \/>\n<br \/>Gen\u00e7 ya\u015fta hayat\u0131n\u0131 kaybeden Cemre \u00d6\u011fren (32) i\u00e7in Manisa\u2019da cenaze t\u00f6reni d\u00fczenlendi. Manisa\u2019n\u0131n \u015eehzadeler il\u00e7esindeki Hatuniye Camii\u2019nde d\u00fczenlenen cenaze t\u00f6renine kat\u0131lan \u00d6zg\u00fcr \u00d6zel, baba Erg\u00fcn \u00d6\u011fren ve anne Emine Dilek \u00d6\u011fren ile aile yak\u0131nlar\u0131na taziyelerini sundu.<br \/>\n<br \/>Hatuniye Camisi g\u00f6revlisi Hayrettin \u00c7oban\u2019\u0131n k\u0131ld\u0131rd\u0131\u011f\u0131 cenaze namaz\u0131n\u0131n ard\u0131ndan CHP lideri \u00d6zel, Cemre \u00d6\u011fren ile ayn\u0131 camiden cenazeleri kald\u0131r\u0131lan \u015fehir esnaf\u0131ndan Mustafa Kaymaz ve emekli \u00f6\u011fretmen Ays\u0131n Dil\u015fen Murato\u011flu\u2019nun tabutlar\u0131n\u0131 da omuzlad\u0131.<br \/>\n<br \/>Defin yap\u0131laca\u011f\u0131 K\u0131rt\u0131k Mezarl\u0131\u011f\u0131na ge\u00e7en \u00d6zel\u2019in, daha sonra \u0130stanbul\u2019da ger\u00e7ekle\u015ftirilecek miting i\u00e7in Manisa\u2019dan ayr\u0131laca\u011f\u0131 \u00f6\u011frenildi. Cenaze t\u00f6renine Genel Ba\u015fkan \u00d6zel\u2019in yan\u0131 s\u0131ra CHP Manisa Milletvekili Bekir Ba\u015fevirgen, Manisa B\u00fcy\u00fck\u015fehir Belediye Ba\u015fkan\u0131 Ferdi Zeyrek, CHP Manisa \u0130l Ba\u015fkan\u0131 \u0130lksen \u00d6zalper, Yunusemre Belediye Ba\u015fkan\u0131 Semih Balaban kat\u0131ld\u0131.<br \/><\/p>\n","protected":false},"excerpt":{"rendered":"<p>Cumhuriyet Halk Partisi (CHP) Genel Ba\u015fkan\u0131 \u00d6zg\u00fcr \u00d6zel, memleketi Manisa\u2019da CHP Manisa \u0130l Ba\u015fkan Yard\u0131mc\u0131s\u0131 Emine Dilek \u00d6\u011fren\u2019in o\u011flu Cemre \u00d6\u011fren\u2019in cenaze t\u00f6renine kat\u0131ld\u0131. Gen\u00e7 ya\u015fta hayat\u0131n\u0131 kaybeden Cemre \u00d6\u011fren (32) i\u00e7in Manisa\u2019da cenaze t\u00f6reni d\u00fczenlendi. Manisa\u2019n\u0131n \u015eehzadeler il\u00e7esindeki Hatuniye Camii\u2019nde d\u00fczenlenen cenaze t\u00f6renine kat\u0131lan \u00d6zg\u00fcr \u00d6zel, baba Erg\u00fcn \u00d6\u011fren ve anne Emine Dilek \u00d6\u011fren&#8230;<\/p>\n","protected":false},"author":1,"featured_media":30460,"comment_status":"open","ping_status":"open","sticky":false,"template":"","format":"standard","meta":{"_crdt_document":"","footnotes":""},"categories":[127],"tags":[],"class_list":["post-30459","post","type-post","status-publish","format-standard","has-post-thumbnail","hentry","category-siyaset"],"_links":{"self":[{"href":"https:\/\/www.egemtv.com\/index.php?rest_route=\/wp\/v2\/posts\/30459","targetHints":{"allow":["GET"]}}],"collection":[{"href":"https:\/\/www.egemtv.com\/index.php?rest_route=\/wp\/v2\/posts"}],"about":[{"href":"https:\/\/www.egemtv.com\/index.php?rest_route=\/wp\/v2\/types\/post"}],"author":[{"embeddable":true,"href":"https:\/\/www.egemtv.com\/index.php?rest_route=\/wp\/v2\/users\/1"}],"replies":[{"embeddable":true,"href":"https:\/\/www.egemtv.com\/index.php?rest_route=%2Fwp%2Fv2%2Fcomments&post=30459"}],"version-history":[{"count":1,"href":"https:\/\/www.egemtv.com\/index.php?rest_route=\/wp\/v2\/posts\/30459\/revisions"}],"predecessor-version":[{"id":30461,"href":"https:\/\/www.egemtv.com\/index.php?rest_route=\/wp\/v2\/posts\/30459\/revisions\/30461"}],"wp:featuredmedia":[{"embeddable":true,"href":"https:\/\/www.egemtv.com\/index.php?rest_route=\/wp\/v2\/media\/30460"}],"wp:attachment":[{"href":"https:\/\/www.egemtv.com\/index.php?rest_route=%2Fwp%2Fv2%2Fmedia&parent=30459"}],"wp:term":[{"taxonomy":"category","embeddable":true,"href":"https:\/\/www.egemtv.com\/index.php?rest_route=%2Fwp%2Fv2%2Fcategories&post=30459"},{"taxonomy":"post_tag","embeddable":true,"href":"https:\/\/www.egemtv.com\/index.php?rest_route=%2Fwp%2Fv2%2Ftags&post=30459"}],"curies":[{"name":"wp","href":"https:\/\/api.w.org\/{rel}","templated":true}]}}