{"id":30456,"date":"2025-05-21T14:57:06","date_gmt":"2025-05-21T11:57:06","guid":{"rendered":"https:\/\/www.egemtv.com\/?p=30456"},"modified":"2025-05-21T14:57:11","modified_gmt":"2025-05-21T11:57:11","slug":"nazillide-rutin-yol-kontrolleri-devam-ediyor","status":"publish","type":"post","link":"https:\/\/www.egemtv.com\/?p=30456","title":{"rendered":"Nazilli\u2019de rutin yol kontrolleri devam ediyor"},"content":{"rendered":"<p>Ayd\u0131n\u2019\u0131n Nazilli il\u00e7esinde jandarma i\u015fbirli\u011fi ile rutin yol kontrollerine devam eden il\u00e7e tar\u0131m ekipleri, canl\u0131 hayvan ta\u015f\u0131ma ara\u00e7lar\u0131n\u0131 denetledi.<br \/>\n<br \/>Ayd\u0131n genelinde il ve il\u00e7e tar\u0131m ekiplerince \u2019Sa\u011fl\u0131kl\u0131 hayvansal g\u0131da\u2019 kapsam\u0131nda ger\u00e7ekle\u015ftirilen yol kontrolleri, yakla\u015fan Kurban Bayram\u0131 sebebiyle s\u0131kla\u015ft\u0131r\u0131ld\u0131. Bu \u00e7er\u00e7evede Nazilli \u0130l\u00e7e Jandarma Komutanl\u0131\u011f\u0131 i\u015fbirli\u011fi ile sahaya inen \u0130l\u00e7e Tar\u0131m ve Orman M\u00fcd\u00fcrl\u00fc\u011f\u00fc ekipleri, Bozdo\u011fan yolu \u00fczerinde denetim ger\u00e7ekle\u015ftirdi. Canl\u0131 hayvan ta\u015f\u0131ma ara\u00e7lar\u0131na y\u00f6nelik yap\u0131lan denetimde hayvan sa\u011fl\u0131k kontrolleri, k\u00fcpeleri ve ta\u015f\u0131nmas\u0131 zorunlu evraklar\u0131n\u0131n kontrolleri yap\u0131ld\u0131. Konu ile ilgili Nazili \u0130l\u00e7e Tar\u0131m ve Orman M\u00fcd\u00fcrl\u00fc\u011f\u00fc\u2019nden yap\u0131lan a\u00e7\u0131klamada &#8220;M\u00fcd\u00fcrl\u00fc\u011f\u00fcm\u00fcz ve \u0130l\u00e7e Jandarma Komutanl\u0131\u011f\u0131 ekipleri ile ortakla\u015fa y\u0131l boyu yap\u0131lan rutin yol kontrollerinde, bug\u00fcn de Bozdo\u011fan yolu \u00fczerinde ger\u00e7ekle\u015ftirildi. \u0130nsan sa\u011fl\u0131\u011f\u0131n\u0131n \u00f6nceli\u011fi olan \u2019sa\u011fl\u0131kl\u0131 hayvansal g\u0131da\u2019 temini i\u00e7in g\u00fczergahta ger\u00e7ekle\u015ftirilen faaliyette, hayvanlar\u0131n sa\u011fl\u0131k kontrolleri, beraberinde bulunmas\u0131 zorunlu belgelerin denetimi ger\u00e7ekle\u015ftirilmi\u015ftir. \u0130l\u00e7emizin fakl\u0131 noktalar\u0131nda y\u0131l boyunca ger\u00e7ekle\u015ftirilecek kontrollerde, \u00fcreticilerimizin sorun ya\u015famamas\u0131 i\u00e7in nakledilen hayvanlar\u0131n, sa\u011fl\u0131kl\u0131 olmas\u0131, kulaklar\u0131n\u0131n k\u00fcpeli ve evraklar\u0131n\u0131n tam olmas\u0131na dikkat etmesi gerekmektedir&#8221; ifadeleri yer ald\u0131.<br \/><\/p>\n","protected":false},"excerpt":{"rendered":"<p>Ayd\u0131n\u2019\u0131n Nazilli il\u00e7esinde jandarma i\u015fbirli\u011fi ile rutin yol kontrollerine devam eden il\u00e7e tar\u0131m ekipleri, canl\u0131 hayvan ta\u015f\u0131ma ara\u00e7lar\u0131n\u0131 denetledi. Ayd\u0131n genelinde il ve il\u00e7e tar\u0131m ekiplerince \u2019Sa\u011fl\u0131kl\u0131 hayvansal g\u0131da\u2019 kapsam\u0131nda ger\u00e7ekle\u015ftirilen yol kontrolleri, yakla\u015fan Kurban Bayram\u0131 sebebiyle s\u0131kla\u015ft\u0131r\u0131ld\u0131. Bu \u00e7er\u00e7evede Nazilli \u0130l\u00e7e Jandarma Komutanl\u0131\u011f\u0131 i\u015fbirli\u011fi ile sahaya inen \u0130l\u00e7e Tar\u0131m ve Orman M\u00fcd\u00fcrl\u00fc\u011f\u00fc ekipleri, Bozdo\u011fan&#8230;<\/p>\n","protected":false},"author":1,"featured_media":30457,"comment_status":"open","ping_status":"open","sticky":false,"template":"","format":"standard","meta":{"_crdt_document":"","footnotes":""},"categories":[1],"tags":[],"class_list":["post-30456","post","type-post","status-publish","format-standard","has-post-thumbnail","hentry","category-guncel"],"_links":{"self":[{"href":"https:\/\/www.egemtv.com\/index.php?rest_route=\/wp\/v2\/posts\/30456","targetHints":{"allow":["GET"]}}],"collection":[{"href":"https:\/\/www.egemtv.com\/index.php?rest_route=\/wp\/v2\/posts"}],"about":[{"href":"https:\/\/www.egemtv.com\/index.php?rest_route=\/wp\/v2\/types\/post"}],"author":[{"embeddable":true,"href":"https:\/\/www.egemtv.com\/index.php?rest_route=\/wp\/v2\/users\/1"}],"replies":[{"embeddable":true,"href":"https:\/\/www.egemtv.com\/index.php?rest_route=%2Fwp%2Fv2%2Fcomments&post=30456"}],"version-history":[{"count":1,"href":"https:\/\/www.egemtv.com\/index.php?rest_route=\/wp\/v2\/posts\/30456\/revisions"}],"predecessor-version":[{"id":30458,"href":"https:\/\/www.egemtv.com\/index.php?rest_route=\/wp\/v2\/posts\/30456\/revisions\/30458"}],"wp:featuredmedia":[{"embeddable":true,"href":"https:\/\/www.egemtv.com\/index.php?rest_route=\/wp\/v2\/media\/30457"}],"wp:attachment":[{"href":"https:\/\/www.egemtv.com\/index.php?rest_route=%2Fwp%2Fv2%2Fmedia&parent=30456"}],"wp:term":[{"taxonomy":"category","embeddable":true,"href":"https:\/\/www.egemtv.com\/index.php?rest_route=%2Fwp%2Fv2%2Fcategories&post=30456"},{"taxonomy":"post_tag","embeddable":true,"href":"https:\/\/www.egemtv.com\/index.php?rest_route=%2Fwp%2Fv2%2Ftags&post=30456"}],"curies":[{"name":"wp","href":"https:\/\/api.w.org\/{rel}","templated":true}]}}