{"id":30453,"date":"2025-05-21T14:57:03","date_gmt":"2025-05-21T11:57:03","guid":{"rendered":"https:\/\/www.egemtv.com\/?p=30453"},"modified":"2025-05-21T14:57:06","modified_gmt":"2025-05-21T11:57:06","slug":"uyusturucu-taciri-tutuklandi","status":"publish","type":"post","link":"https:\/\/www.egemtv.com\/?p=30453","title":{"rendered":"Uyu\u015fturucu taciri tutukland\u0131"},"content":{"rendered":"<p>Manisa\u2019n\u0131n Ala\u015fehir il\u00e7esinde durdurulan arac\u0131nda uyu\u015fturucu madde ile yakalanan \u015fah\u0131s sevk edildi\u011fi adli makamlarca tutukland\u0131.<br \/>\n<br \/>Manisa \u0130l Emniyet M\u00fcd\u00fcrl\u00fc\u011f\u00fc Narkotik Su\u00e7larla M\u00fccadele \u015eube M\u00fcd\u00fcrl\u00fc\u011f\u00fc Ala\u015fehir B\u00fcro Amirli\u011fi g\u00f6revlileri taraf\u0131ndan yap\u0131lan \u00e7al\u0131\u015fmalar kapsam\u0131nda, Ala\u015fehir \u0130stasyon Mahallesinde durdurulan ara\u00e7ta yap\u0131lan aramada;<br \/>\n<br \/>64.37 gram metamfetamin ele ge\u00e7irildi. Uyu\u015fturucuyla birlikte yakalanan E.Y. (40) poliste yap\u0131lan sorgulamas\u0131ndan sonra, sevk edildi\u011fi mahkeme taraf\u0131ndan tutukland\u0131.<br \/><\/p>\n","protected":false},"excerpt":{"rendered":"<p>Manisa\u2019n\u0131n Ala\u015fehir il\u00e7esinde durdurulan arac\u0131nda uyu\u015fturucu madde ile yakalanan \u015fah\u0131s sevk edildi\u011fi adli makamlarca tutukland\u0131. Manisa \u0130l Emniyet M\u00fcd\u00fcrl\u00fc\u011f\u00fc Narkotik Su\u00e7larla M\u00fccadele \u015eube M\u00fcd\u00fcrl\u00fc\u011f\u00fc Ala\u015fehir B\u00fcro Amirli\u011fi g\u00f6revlileri taraf\u0131ndan yap\u0131lan \u00e7al\u0131\u015fmalar kapsam\u0131nda, Ala\u015fehir \u0130stasyon Mahallesinde durdurulan ara\u00e7ta yap\u0131lan aramada; 64.37 gram metamfetamin ele ge\u00e7irildi. Uyu\u015fturucuyla birlikte yakalanan E.Y. (40) poliste yap\u0131lan sorgulamas\u0131ndan sonra, sevk edildi\u011fi&#8230;<\/p>\n","protected":false},"author":1,"featured_media":30454,"comment_status":"open","ping_status":"open","sticky":false,"template":"","format":"standard","meta":{"_crdt_document":"","footnotes":""},"categories":[5],"tags":[],"class_list":["post-30453","post","type-post","status-publish","format-standard","has-post-thumbnail","hentry","category-asayis"],"_links":{"self":[{"href":"https:\/\/www.egemtv.com\/index.php?rest_route=\/wp\/v2\/posts\/30453","targetHints":{"allow":["GET"]}}],"collection":[{"href":"https:\/\/www.egemtv.com\/index.php?rest_route=\/wp\/v2\/posts"}],"about":[{"href":"https:\/\/www.egemtv.com\/index.php?rest_route=\/wp\/v2\/types\/post"}],"author":[{"embeddable":true,"href":"https:\/\/www.egemtv.com\/index.php?rest_route=\/wp\/v2\/users\/1"}],"replies":[{"embeddable":true,"href":"https:\/\/www.egemtv.com\/index.php?rest_route=%2Fwp%2Fv2%2Fcomments&post=30453"}],"version-history":[{"count":1,"href":"https:\/\/www.egemtv.com\/index.php?rest_route=\/wp\/v2\/posts\/30453\/revisions"}],"predecessor-version":[{"id":30455,"href":"https:\/\/www.egemtv.com\/index.php?rest_route=\/wp\/v2\/posts\/30453\/revisions\/30455"}],"wp:featuredmedia":[{"embeddable":true,"href":"https:\/\/www.egemtv.com\/index.php?rest_route=\/wp\/v2\/media\/30454"}],"wp:attachment":[{"href":"https:\/\/www.egemtv.com\/index.php?rest_route=%2Fwp%2Fv2%2Fmedia&parent=30453"}],"wp:term":[{"taxonomy":"category","embeddable":true,"href":"https:\/\/www.egemtv.com\/index.php?rest_route=%2Fwp%2Fv2%2Fcategories&post=30453"},{"taxonomy":"post_tag","embeddable":true,"href":"https:\/\/www.egemtv.com\/index.php?rest_route=%2Fwp%2Fv2%2Ftags&post=30453"}],"curies":[{"name":"wp","href":"https:\/\/api.w.org\/{rel}","templated":true}]}}