{"id":30450,"date":"2025-05-21T14:37:37","date_gmt":"2025-05-21T11:37:37","guid":{"rendered":"https:\/\/www.egemtv.com\/?p=30450"},"modified":"2025-05-21T14:37:41","modified_gmt":"2025-05-21T11:37:41","slug":"kendi-slajini-uretti-sut-veriminde-rekor-artis-sagladi","status":"publish","type":"post","link":"https:\/\/www.egemtv.com\/?p=30450","title":{"rendered":"Kendi slaj\u0131n\u0131 \u00fcretti, s\u00fct veriminde rekor art\u0131\u015f sa\u011flad\u0131"},"content":{"rendered":"<p>Manisa\u2019n\u0131n Sar\u0131g\u00f6l il\u00e7esine ba\u011fl\u0131 Alem\u015fahl\u0131 Mahallesi\u2019nde hayvanc\u0131l\u0131kla u\u011fra\u015fan \u00e7ift\u00e7i Ahmet Ur, besi hayvanlar\u0131n\u0131n s\u00fct verimini art\u0131rmak amac\u0131yla slaj (tur\u015fu yem) \u00fcretimine ba\u015flad\u0131. Ur\u2019un do\u011fal y\u00f6ntemlerle haz\u0131rlad\u0131\u011f\u0131 slaj yem sayesinde s\u00fct veriminde y\u00fczde 30 oran\u0131nda art\u0131\u015f sa\u011fland\u0131\u011f\u0131 bildirildi.<br \/>\n<br \/>Ahmet Ur, 200 dekarl\u0131k arazisine arpa, fi\u011f ve t\u0131rt\u0131lkale bitkileri ekerek yem \u00fcretimi ger\u00e7ekle\u015ftirdi. Hasat edilen \u00fcr\u00fcnler, makinelerle par\u00e7aland\u0131ktan sonra haz\u0131rlanan iki-\u00fc\u00e7 metre derinli\u011findeki \u00e7ukurlara yerle\u015ftirilip naylonla kapland\u0131. \u00dc\u00e7l\u00fc yem kar\u0131\u015f\u0131m\u0131 s\u0131k\u0131\u015ft\u0131r\u0131larak \u00fczeri \u00f6rt\u00fcld\u00fc ve yakla\u015f\u0131k bir ay boyunca fermente edilerek hayvanlara verilmeye ba\u015fland\u0131.<br \/>\n<br \/>Konuya ili\u015fkin a\u00e7\u0131klama yapan \u00e7ift\u00e7i Ahmet Ur, &#8220;Slaj yem, halk aras\u0131nda tur\u015fu yem olarak bilinir. Bu yemi \u00f6zellikle s\u00fct veren hayvanlara veriyorum. Sonu\u00e7 olarak s\u00fct veriminde yakla\u015f\u0131k y\u00fczde 30 art\u0131\u015f sa\u011fl\u0131yorum. Her y\u0131l kendi imkanlar\u0131mla bu do\u011fal yemi haz\u0131rlay\u0131p hayvanlar\u0131ma veriyorum.&#8221; dedi.<br \/><\/p>\n","protected":false},"excerpt":{"rendered":"<p>Manisa\u2019n\u0131n Sar\u0131g\u00f6l il\u00e7esine ba\u011fl\u0131 Alem\u015fahl\u0131 Mahallesi\u2019nde hayvanc\u0131l\u0131kla u\u011fra\u015fan \u00e7ift\u00e7i Ahmet Ur, besi hayvanlar\u0131n\u0131n s\u00fct verimini art\u0131rmak amac\u0131yla slaj (tur\u015fu yem) \u00fcretimine ba\u015flad\u0131. Ur\u2019un do\u011fal y\u00f6ntemlerle haz\u0131rlad\u0131\u011f\u0131 slaj yem sayesinde s\u00fct veriminde y\u00fczde 30 oran\u0131nda art\u0131\u015f sa\u011fland\u0131\u011f\u0131 bildirildi. Ahmet Ur, 200 dekarl\u0131k arazisine arpa, fi\u011f ve t\u0131rt\u0131lkale bitkileri ekerek yem \u00fcretimi ger\u00e7ekle\u015ftirdi. Hasat edilen \u00fcr\u00fcnler, makinelerle&#8230;<\/p>\n","protected":false},"author":1,"featured_media":30451,"comment_status":"open","ping_status":"open","sticky":false,"template":"","format":"standard","meta":{"_crdt_document":"","footnotes":""},"categories":[125],"tags":[],"class_list":["post-30450","post","type-post","status-publish","format-standard","has-post-thumbnail","hentry","category-ekonomi"],"_links":{"self":[{"href":"https:\/\/www.egemtv.com\/index.php?rest_route=\/wp\/v2\/posts\/30450","targetHints":{"allow":["GET"]}}],"collection":[{"href":"https:\/\/www.egemtv.com\/index.php?rest_route=\/wp\/v2\/posts"}],"about":[{"href":"https:\/\/www.egemtv.com\/index.php?rest_route=\/wp\/v2\/types\/post"}],"author":[{"embeddable":true,"href":"https:\/\/www.egemtv.com\/index.php?rest_route=\/wp\/v2\/users\/1"}],"replies":[{"embeddable":true,"href":"https:\/\/www.egemtv.com\/index.php?rest_route=%2Fwp%2Fv2%2Fcomments&post=30450"}],"version-history":[{"count":1,"href":"https:\/\/www.egemtv.com\/index.php?rest_route=\/wp\/v2\/posts\/30450\/revisions"}],"predecessor-version":[{"id":30452,"href":"https:\/\/www.egemtv.com\/index.php?rest_route=\/wp\/v2\/posts\/30450\/revisions\/30452"}],"wp:featuredmedia":[{"embeddable":true,"href":"https:\/\/www.egemtv.com\/index.php?rest_route=\/wp\/v2\/media\/30451"}],"wp:attachment":[{"href":"https:\/\/www.egemtv.com\/index.php?rest_route=%2Fwp%2Fv2%2Fmedia&parent=30450"}],"wp:term":[{"taxonomy":"category","embeddable":true,"href":"https:\/\/www.egemtv.com\/index.php?rest_route=%2Fwp%2Fv2%2Fcategories&post=30450"},{"taxonomy":"post_tag","embeddable":true,"href":"https:\/\/www.egemtv.com\/index.php?rest_route=%2Fwp%2Fv2%2Ftags&post=30450"}],"curies":[{"name":"wp","href":"https:\/\/api.w.org\/{rel}","templated":true}]}}