{"id":30447,"date":"2025-05-21T14:37:32","date_gmt":"2025-05-21T11:37:32","guid":{"rendered":"https:\/\/www.egemtv.com\/?p=30447"},"modified":"2025-05-21T14:37:36","modified_gmt":"2025-05-21T11:37:36","slug":"uc-boyutlu-sanatin-isiltisi-efelerde-sergilendi","status":"publish","type":"post","link":"https:\/\/www.egemtv.com\/?p=30447","title":{"rendered":"\u00dc\u00e7 boyutlu sanat\u0131n \u0131\u015f\u0131lt\u0131s\u0131 Efeler\u2019de sergilendi"},"content":{"rendered":"<p>Efeler Halk E\u011fitimi Merkezi\u2019nin Ka\u011f\u0131t R\u00f6lyef kursiyerleri, el eme\u011fiyle haz\u0131rlad\u0131klar\u0131 \u00fc\u00e7 boyutlu eserleri, d\u00fczenledikleri sergiyle sanatseverlerin be\u011fenisine sundular.<\/p>\n<p>Efeler Halk E\u011fitimi Merkezi taraf\u0131ndan a\u00e7\u0131lan kurslara kat\u0131lan vatanda\u015flar kendilerini geli\u015ftirmeye devam ediyor. Bu \u00e7er\u00e7evede e\u011fitmen Nesibe \u00d6zden taraf\u0131ndan a\u00e7\u0131lan Ka\u011f\u0131t R\u00f6lyef (3 boyutlu resim sanat\u0131) kursuna giden kursiyerler, yapt\u0131klar\u0131 el eme\u011fi \u00fcr\u00fcnlerini a\u00e7t\u0131klar\u0131 sergi ile ta\u00e7land\u0131rd\u0131. Milli Ayd\u0131n Bankas\u0131 K\u00fclt\u00fcr Merkezi\u2019nde d\u00fczenlenen a\u00e7\u0131l\u0131\u015f t\u00f6reninin ard\u0131ndan a\u00e7\u0131lan sergiye sanatseverlerin ilgisi yo\u011fun olurken, \u00fc\u00e7 boyutlu resimler b\u00fcy\u00fck be\u011feni toplad\u0131.<\/p>\n<p>Kendi \u00fcr\u00fcnlerinin yan\u0131 s\u0131ra Ekim ay\u0131ndan bu yana 15 kursiyeri ile birlikte e\u011fitimlerin ard\u0131ndan yapt\u0131klar\u0131 eserleri g\u00f6r\u00fcc\u00fcye \u00e7\u0131kard\u0131klar\u0131n\u0131 ifade eden Efeler Halk E\u011fitimi Merkezi e\u011fitmenlerinden Nesibe \u00d6zden, &#8220;Ekim ay\u0131ndan bu yana 15 kursiyerimiz ile birlikte yapt\u0131\u011f\u0131m\u0131z \u00e7al\u0131\u015fmalar\u0131 bug\u00fcn a\u00e7t\u0131\u011f\u0131m\u0131z sergi ile ta\u00e7land\u0131rd\u0131k. Bug\u00fcn \u00fc\u00e7 boyutlu resim sanat\u0131 olan Ka\u011f\u0131t R\u00f6lyef kursumuzda haz\u0131rlad\u0131\u011f\u0131m\u0131z 67 eserimiz sergileniyor. Asl\u0131nda daha fazla \u00fcr\u00fcn\u00fcm\u00fcz var ama ancak s\u0131\u011fd\u0131rabildik. A\u00e7\u0131l\u0131\u015f\u0131m\u0131za kat\u0131lan ve bizleri yaln\u0131z b\u0131rakmayan t\u00fcm davetlilerimize te\u015fekk\u00fcr ediyorum&#8221; dedi.<br \/><\/p>\n","protected":false},"excerpt":{"rendered":"<p>Efeler Halk E\u011fitimi Merkezi\u2019nin Ka\u011f\u0131t R\u00f6lyef kursiyerleri, el eme\u011fiyle haz\u0131rlad\u0131klar\u0131 \u00fc\u00e7 boyutlu eserleri, d\u00fczenledikleri sergiyle sanatseverlerin be\u011fenisine sundular. Efeler Halk E\u011fitimi Merkezi taraf\u0131ndan a\u00e7\u0131lan kurslara kat\u0131lan vatanda\u015flar kendilerini geli\u015ftirmeye devam ediyor. Bu \u00e7er\u00e7evede e\u011fitmen Nesibe \u00d6zden taraf\u0131ndan a\u00e7\u0131lan Ka\u011f\u0131t R\u00f6lyef (3 boyutlu resim sanat\u0131) kursuna giden kursiyerler, yapt\u0131klar\u0131 el eme\u011fi \u00fcr\u00fcnlerini a\u00e7t\u0131klar\u0131 sergi ile ta\u00e7land\u0131rd\u0131&#8230;.<\/p>\n","protected":false},"author":1,"featured_media":30448,"comment_status":"open","ping_status":"open","sticky":false,"template":"","format":"standard","meta":{"_crdt_document":"","footnotes":""},"categories":[1],"tags":[],"class_list":["post-30447","post","type-post","status-publish","format-standard","has-post-thumbnail","hentry","category-guncel"],"_links":{"self":[{"href":"https:\/\/www.egemtv.com\/index.php?rest_route=\/wp\/v2\/posts\/30447","targetHints":{"allow":["GET"]}}],"collection":[{"href":"https:\/\/www.egemtv.com\/index.php?rest_route=\/wp\/v2\/posts"}],"about":[{"href":"https:\/\/www.egemtv.com\/index.php?rest_route=\/wp\/v2\/types\/post"}],"author":[{"embeddable":true,"href":"https:\/\/www.egemtv.com\/index.php?rest_route=\/wp\/v2\/users\/1"}],"replies":[{"embeddable":true,"href":"https:\/\/www.egemtv.com\/index.php?rest_route=%2Fwp%2Fv2%2Fcomments&post=30447"}],"version-history":[{"count":1,"href":"https:\/\/www.egemtv.com\/index.php?rest_route=\/wp\/v2\/posts\/30447\/revisions"}],"predecessor-version":[{"id":30449,"href":"https:\/\/www.egemtv.com\/index.php?rest_route=\/wp\/v2\/posts\/30447\/revisions\/30449"}],"wp:featuredmedia":[{"embeddable":true,"href":"https:\/\/www.egemtv.com\/index.php?rest_route=\/wp\/v2\/media\/30448"}],"wp:attachment":[{"href":"https:\/\/www.egemtv.com\/index.php?rest_route=%2Fwp%2Fv2%2Fmedia&parent=30447"}],"wp:term":[{"taxonomy":"category","embeddable":true,"href":"https:\/\/www.egemtv.com\/index.php?rest_route=%2Fwp%2Fv2%2Fcategories&post=30447"},{"taxonomy":"post_tag","embeddable":true,"href":"https:\/\/www.egemtv.com\/index.php?rest_route=%2Fwp%2Fv2%2Ftags&post=30447"}],"curies":[{"name":"wp","href":"https:\/\/api.w.org\/{rel}","templated":true}]}}